{"id":16201,"date":"2021-02-04T13:52:49","date_gmt":"2021-02-04T16:52:49","guid":{"rendered":"http:\/\/www.fumssar.com.br\/?p=16201"},"modified":"2021-02-04T13:52:52","modified_gmt":"2021-02-04T16:52:52","slug":"inexigibilidade-no-01-2021","status":"publish","type":"post","link":"https:\/\/www.fumssar.com.br\/?p=16201","title":{"rendered":"Inexigibilidade n\u00ba 01\/2021"},"content":{"rendered":"\n<p>\n<strong>EDITAL\nDE INEXIGIBILIDADE N\u00ba 01\/2021<\/strong><\/p>\n\n\n\n<p>\n<strong>CONTRATANTE:\n<\/strong>Funda\u00e7\u00e3o\nMunicipal de Sa\u00fade de Santa Rosa \u2013 FUMSSAR<\/p>\n\n\n\n<p>\n<strong>OBJETO:\n<\/strong>Contrata\u00e7\u00e3o\nde veicula\u00e7\u00e3o de m\u00eddias em jornais e r\u00e1dios da cidade referente\nao CORONAVIRUS\/COVID-19 nos meses de Janeiro, Fevereiro e Mar\u00e7o\/2021.<\/p>\n\n\n\n<p>\n<strong>PROCESSO\nADMINISTRATIVO N.\u00ba<\/strong>:\n3574\/2020 de 17\/12\/2020.<\/p>\n\n\n\n<p>\n<strong>CONTRATADOS<\/strong><strong>:<\/strong>\n\n<\/p>\n\n\n\n<table class=\"wp-block-table\"><tbody><tr><td>\n\t\t\t<strong>EMPRESA<\/strong>\n\t\t<\/td><td>\n\t\t\t<strong>CNPJ<\/strong>\n\t\t<\/td><td>\n\t\t\t<strong>VALOR\n\t\t\tR$<\/strong>\n\t\t<\/td><\/tr><tr><td>\n\t\t\tEMPRESA\n\t\t\tJORNALISTICA NOROESTE LTDA\n\t\t<\/td><td>\n\t\t\t87.687.703\/0001-18\n\t\t<\/td><td>\n\t\t\t25.000,00\n\t\t<\/td><\/tr><tr><td>\n\t\t\tFUNDA\u00c7\u00c3O\n\t\t\tEDUCACIONAL MACHADO DE ASSIS &#8211; FEMA\n\t\t<\/td><td>\n\t\t\t95.817.615\/0001-11\n\t\t<\/td><td>\n\t\t\t9.000,00\n\t\t<\/td><\/tr><tr><td>\n\t\t\tEMPRESA\n\t\t\tJORN. GR EDIT. ARMANJE LTDA\n\t\t<\/td><td>\n\t\t\t10.418.021\/0001-85\n\t\t<\/td><td>\n\t\t\t12.000,00\n\t\t<\/td><\/tr><tr><td>\n\t\t\tFATO\n\t\t\tPROPAGANDA E COMUNICA\u00c7\u00c3O LTDA\n\t\t<\/td><td>\n\t\t\t90.374.430\/0001-66\n\t\t<\/td><td>\n\t\t\t3.000,00\n\t\t<\/td><\/tr><tr><td>\n\t\t\tNOVA\n\t\t\tFRONTEIRA PUBLICIDADE LTDA\n\t\t<\/td><td>\n\t\t\t09.492.282\/0001-66\n\t\t<\/td><td>\n\t\t\t9.000,00\n\t\t<\/td><\/tr><tr><td>\n\t\t\t<br>\n\n\t\t\t\n\t\t<\/td><td>\n\t\t\t58.000,00\n\t\t<\/td><\/tr><\/tbody><\/table>\n\n\n\n<p> <strong>FUNDAMENTO LEGAL:<\/strong> Com base no art. 25, caput, da Lei Federal n.\u00ba 8.666\/93 e suas altera\u00e7\u00f5es.<\/p>\n\n\n\n<p>\nSanta\nRosa, 29 de Janeiro de 2021.<\/p>\n\n\n\n<table class=\"wp-block-table aligncenter\"><tbody><tr><td> ______________________________ <br>Rog\u00e9rio Silva dos Santos <br>Diretor de Gest\u00e3o Administrativa <\/td><td>\n\t\t\t\t<br>\n\n\t\t\t\t\n\t\t\t<\/td><\/tr><\/tbody><\/table>\n","protected":false},"excerpt":{"rendered":"<p>EDITAL DE INEXIGIBILIDADE N\u00ba 01\/2021 CONTRATANTE: Funda\u00e7\u00e3o Municipal de Sa\u00fade de Santa Rosa \u2013 FUMSSAR&#8230;<\/p>\n","protected":false},"author":7,"featured_media":0,"comment_status":"open","ping_status":"open","sticky":false,"template":"","format":"standard","meta":{"footnotes":""},"categories":[175],"tags":[],"_links":{"self":[{"href":"https:\/\/www.fumssar.com.br\/index.php?rest_route=\/wp\/v2\/posts\/16201"}],"collection":[{"href":"https:\/\/www.fumssar.com.br\/index.php?rest_route=\/wp\/v2\/posts"}],"about":[{"href":"https:\/\/www.fumssar.com.br\/index.php?rest_route=\/wp\/v2\/types\/post"}],"author":[{"embeddable":true,"href":"https:\/\/www.fumssar.com.br\/index.php?rest_route=\/wp\/v2\/users\/7"}],"replies":[{"embeddable":true,"href":"https:\/\/www.fumssar.com.br\/index.php?rest_route=%2Fwp%2Fv2%2Fcomments&post=16201"}],"version-history":[{"count":1,"href":"https:\/\/www.fumssar.com.br\/index.php?rest_route=\/wp\/v2\/posts\/16201\/revisions"}],"predecessor-version":[{"id":16202,"href":"https:\/\/www.fumssar.com.br\/index.php?rest_route=\/wp\/v2\/posts\/16201\/revisions\/16202"}],"wp:attachment":[{"href":"https:\/\/www.fumssar.com.br\/index.php?rest_route=%2Fwp%2Fv2%2Fmedia&parent=16201"}],"wp:term":[{"taxonomy":"category","embeddable":true,"href":"https:\/\/www.fumssar.com.br\/index.php?rest_route=%2Fwp%2Fv2%2Fcategories&post=16201"},{"taxonomy":"post_tag","embeddable":true,"href":"https:\/\/www.fumssar.com.br\/index.php?rest_route=%2Fwp%2Fv2%2Ftags&post=16201"}],"curies":[{"name":"wp","href":"https:\/\/api.w.org\/{rel}","templated":true}]}}