{"id":16081,"date":"2020-12-29T21:53:38","date_gmt":"2020-12-30T00:53:38","guid":{"rendered":"http:\/\/www.fumssar.com.br\/?p=16081"},"modified":"2024-10-07T16:34:39","modified_gmt":"2024-10-07T19:34:39","slug":"inaugurado-o-centro-de-praticas-integrativas-da-fumssar","status":"publish","type":"post","link":"https:\/\/www.fumssar.com.br\/?p=16081","title":{"rendered":"Inaugurado o Centro de Pr\u00e1ticas Integrativas da FUMSSAR"},"content":{"rendered":"\n<p>A Funda\u00e7\u00e3o Municipal da Sa\u00fade de Santa Rosa inaugurou no dia\n29 de dezembro, um espa\u00e7o criado para Pr\u00e1ticas Integrativas, localizado junto\nao pr\u00e9dio do CEREST.<\/p>\n\n\n\n<p>Pr\u00e1ticas integrativas e complementares em sa\u00fade contribuem\npara avalia\u00e7\u00e3o das ofertas de cuidados em sa\u00fade, visando estimular alternativas\ninovadoras e socialmente contributivas para o desenvolvimento sustent\u00e1vel da\ncomunidade. Dentro do SUS existem 29 pr\u00e1ticas e a FUMSSAR iniciar\u00e1 o 2021 com\n11 delas: Arte-terapia, terapia floral, homeopatia, terapia comunit\u00e1ria\nintegrativa, shantala, dan\u00e7a circular, REIKI, aureoculoterapia, medita\u00e7\u00e3o,\nmassagem e osteopatia. Ainda est\u00e1 previsto at\u00e9 o final de 2022, desenvolver\nmais 10 pr\u00e1ticas, totalizando 21 delas e mais adiante, fechar o ciclo, com\ntodas existentes.<\/p>\n\n\n\n<p>Ademir Rosa, Diretor de Gest\u00e3o Estrat\u00e9gica, frisa que o\nvalor total da obra foi de R$ 296.428,00 e que o local foi pensando ainda em\n2017, quando iniciou a obra de constru\u00e7\u00e3o do CEREST. Al\u00e9m disso, destaca que\nessas 11 pr\u00e1ticas ser\u00e3o desenvolvidas por servidores da FUMSSAR. &nbsp;\u201cA medida que aumentarmos os servi\u00e7os, ser\u00e1\nimplantado o voluntariado e credenciamento para algumas pr\u00e1ticas\u201d, comenta. <\/p>\n\n\n\n<p>O presidente da Funda\u00e7\u00e3o Municipal de Sa\u00fade, Delcio Stefan,\ndestaca que a partir de agora, o pr\u00f3ximo passo \u00e9 buscar pessoas volunt\u00e1rias com\nforma\u00e7\u00e3o nestas \u00e1reas das pr\u00e1ticas integrativas que ser\u00e3o desenvolvidas, para\nrealizar as atividades com os interessados no espa\u00e7o especial criado pela\nFUMSSAR para esta finalidade. &nbsp;\u201cEste\nespa\u00e7o mostra que a nossa preocupa\u00e7\u00e3o vai muito al\u00e9m do tratamento tradicional\ndas doen\u00e7as e sim, oferecer espa\u00e7os que estimulem habilidades e o bem estar dos\nnossos usu\u00e1rios\u201d, frisa. <\/p>\n\n\n\n<p>O formul\u00e1rio para preenchimento de cadastro para pessoas\ninteressadas em trabalhar com as pr\u00e1ticas estar\u00e1 dispon\u00edvel no site da Funda\u00e7\u00e3o\n(<a href=\"http:\/\/www.fumssar.com.br\">www.fumssar.com.br<\/a>) a partir do m\u00eas de\njaneiro, mas tamb\u00e9m podem ligar no 3513-5101 e fazer seu cadastro. <\/p>\n","protected":false},"excerpt":{"rendered":"<p>A Funda\u00e7\u00e3o Municipal da Sa\u00fade de Santa Rosa inaugurou no dia 29 de dezembro, um&#8230;<\/p>\n","protected":false},"author":31,"featured_media":16082,"comment_status":"open","ping_status":"open","sticky":false,"template":"","format":"standard","meta":{"footnotes":""},"categories":[2],"tags":[],"_links":{"self":[{"href":"https:\/\/www.fumssar.com.br\/index.php?rest_route=\/wp\/v2\/posts\/16081"}],"collection":[{"href":"https:\/\/www.fumssar.com.br\/index.php?rest_route=\/wp\/v2\/posts"}],"about":[{"href":"https:\/\/www.fumssar.com.br\/index.php?rest_route=\/wp\/v2\/types\/post"}],"author":[{"embeddable":true,"href":"https:\/\/www.fumssar.com.br\/index.php?rest_route=\/wp\/v2\/users\/31"}],"replies":[{"embeddable":true,"href":"https:\/\/www.fumssar.com.br\/index.php?rest_route=%2Fwp%2Fv2%2Fcomments&post=16081"}],"version-history":[{"count":1,"href":"https:\/\/www.fumssar.com.br\/index.php?rest_route=\/wp\/v2\/posts\/16081\/revisions"}],"predecessor-version":[{"id":16083,"href":"https:\/\/www.fumssar.com.br\/index.php?rest_route=\/wp\/v2\/posts\/16081\/revisions\/16083"}],"wp:featuredmedia":[{"embeddable":true,"href":"https:\/\/www.fumssar.com.br\/index.php?rest_route=\/wp\/v2\/media\/16082"}],"wp:attachment":[{"href":"https:\/\/www.fumssar.com.br\/index.php?rest_route=%2Fwp%2Fv2%2Fmedia&parent=16081"}],"wp:term":[{"taxonomy":"category","embeddable":true,"href":"https:\/\/www.fumssar.com.br\/index.php?rest_route=%2Fwp%2Fv2%2Fcategories&post=16081"},{"taxonomy":"post_tag","embeddable":true,"href":"https:\/\/www.fumssar.com.br\/index.php?rest_route=%2Fwp%2Fv2%2Ftags&post=16081"}],"curies":[{"name":"wp","href":"https:\/\/api.w.org\/{rel}","templated":true}]}}