{"id":16066,"date":"2020-12-25T18:29:19","date_gmt":"2020-12-25T21:29:19","guid":{"rendered":"http:\/\/www.fumssar.com.br\/?p=16066"},"modified":"2024-10-07T16:34:39","modified_gmt":"2024-10-07T19:34:39","slug":"fumssar-completa-bodas-de-prata","status":"publish","type":"post","link":"https:\/\/www.fumssar.com.br\/?p=16066","title":{"rendered":"FUMSSAR completa Bodas de Prata"},"content":{"rendered":"\n<p><\/p>\n\n\n\n<p>H\u00e1 25 anos atr\u00e1s, em 27 de dezembro de 1995,\nnascia aquela que se tornaria um modelo e uma refer\u00eancia em gest\u00e3o da sa\u00fade p\u00fablica\npara a regi\u00e3o, para o Estado e at\u00e9 para o pa\u00eds. <\/p>\n\n\n\n<p>Santa Rosa foi um dos primeiros munic\u00edpios do\nBrasil a aderir \u00e0 municipaliza\u00e7\u00e3o da sa\u00fade no ano de 1993, que at\u00e9 ent\u00e3o era\ngerenciada pela Uni\u00e3o, Estado e Munic\u00edpio. &nbsp;Em 1994, a Secretaria de Sa\u00fade foi substitu\u00edda\npela Funda\u00e7\u00e3o Municipal de Sa\u00fade. <\/p>\n\n\n\n<p>Com um atendimento diferenciado, pensando al\u00e9m\nda sa\u00fade, muita coisa come\u00e7ou a mudar.&nbsp; A\npopula\u00e7\u00e3o tamb\u00e9m teve participa\u00e7\u00e3o importante ao longo destes 25 anos, ajudando\na construir o processo de aten\u00e7\u00e3o b\u00e1sica, com atua\u00e7\u00e3o do Conselho Municipal da\nSa\u00fade, Confer\u00eancias e demais a\u00e7\u00f5es, sendo totalmente part\u00edcipe. Conquistas\nimportantes vieram atrav\u00e9s de parcerias com o Hospital Vida &amp; Sa\u00fade, como a\nimplanta\u00e7\u00e3o da UPA 24 Horas e do SAMU. <\/p>\n\n\n\n<p>Cada gest\u00e3o da FUMSSAR que passa por ela, investe\nneste posicionamento pioneiro que vem destacando Santa Rosa a n\u00edvel estadual. S\u00e3o\n25 anos buscando melhorias, investimentos na tecnologia e na qualifica\u00e7\u00e3o do\nprocesso para manter o bom atendimento da sa\u00fade em Santa Rosa. <\/p>\n\n\n\n<p><strong>O que dizem\nalgumas pessoas que tem d\u00e9cadas de liga\u00e7\u00e3o com a FUMSSAR:<\/strong><\/p>\n\n\n\n<p>Ningu\u00e9m melhor para falar das mudan\u00e7as e\ndesafios do que aqueles que est\u00e3o desde os primeiros anos atuando na Funda\u00e7\u00e3o.\nRoslaine Smaniotto, Advogada da FUMSSAR, tomou posse em 29 de outubro de 1996,\ncompletando 24 anos e 2 meses de atividades. Para ela, a evolu\u00e7\u00e3o neste per\u00edodo\n\u00e9 enorme.&nbsp; \u201cDesde a estrutura f\u00edsica\ninicial, administrativa, da FUMSSAR, onde trabalh\u00e1vamos incialmente, que foi no\nparque de exposi\u00e7\u00f5es, numa constru\u00e7\u00e3o de umas quatro salinhas. Mais tarde,\npassamos para sede do Hemocentro, de forma emprestada, porque a mesma pertencia\nao Estado do Rio Grande do Sul. Na \u00e9poca, havia 8 unidades de sa\u00fade na cidade e\n4 na zona rural. Nenhum contrato direto com prestadores de servi\u00e7os de sa\u00fade,\nj\u00e1 que estava rec\u00e9m sendo municipalizada a sa\u00fade, em Santa Rosa, de forma\nplena. Servidores, entre os transferidos da Secretaria de Sa\u00fade e concursados,\nn\u00e3o ultrapassavam a cem\u201d, destaca. Ela tamb\u00e9m frisa que no decorrer desses 25\nanos, o recurso financeiro da FUMSSAR para investir em sa\u00fade vem ultrapassando\no de muitos munic\u00edpios pequenos. <\/p>\n\n\n\n<p>Para ela, a transforma\u00e7\u00e3o de uma mera\nsecretaria de sa\u00fade para uma Funda\u00e7\u00e3o foi um grande marco para Santa Rosa para\nfins de agilidade administrativa. \u201cCom servidores comprometidos, valorizados,\ndedicando-se exclusivamente \u00e0 FUMSSAR, foi um diferencial inicial fundamental,\nque deu certo para a \u00e9poca e possui os seus reflexos at\u00e9 os dias de hoje. A\nFUMSSAR \u00e9 um referencial para todo o Brasil, apesar das dificuldades di\u00e1rias\nque passamos, por tanta responsabilidade assumida, e toda essa estrutura\ngigantesca. Por\u00e9m, s\u00e3o os cidad\u00e3os de Santa Rosa e Regi\u00e3o \u00e9 que tiveram e t\u00eam o\nmaior ganho em sa\u00fade e, consequentemente, em qualidade de vida, no decorrer\ndesses 25 anos, o que \u00e9 motivo de muito orgulho, para n\u00f3s servidores\u201d, destacou.<\/p>\n\n\n\n<p>Ameri Teresinha Dos Santos, Agente\nAdministrativo lotada no setor de transportes, que est\u00e1 h\u00e1 26 anos na hist\u00f3ria\nda sa\u00fade de Santa Rosa (25 anos da FUMSSAR mais 1 ano da antiga Secretaria da\nSa\u00fade), destaca que tudo mudou, desde o atendimento na linha de frente das Unidades\nB\u00e1sicas, o setor administrativo para os encaminhamentos aos especialistas, a\nresolutividade com a informatiza\u00e7\u00e3o e a comunica\u00e7\u00e3o em rede. \u201cSem falar no\natendimento especializado das equipes e a oferta de profissionais para diversas\nespecialidades\u201d, comentou. <\/p>\n\n\n\n<p>E quem atua diretamente com os pacientes\ntamb\u00e9m frisa as mudan\u00e7as para melhor. O T\u00e9cnico de Enfermagem, Jo\u00e3o Osmar dos\nSantos, vai completar 25 anos de FUMSSAR no ano que vem. Para ele, a sa\u00fade\np\u00fablica, que busca a preven\u00e7\u00e3o, \u00e9 muito bem trabalhada pela FUMSSAR. \u201cEu n\u00e3o\nsaio do meu trabalho cansado, saio realizado, sou apaixonado pela Sa\u00fade\nP\u00fablica\u201d, frisou. &nbsp;A m\u00e9dica da fam\u00edlia e\nda comunidade, Fabiana Breitenbach, diz que a Funda\u00e7\u00e3o Sa\u00fade \u00e9 um exemplo de\ncomo o SUS funciona e depende de profissionais e gestores comprometidos. \u201cQue entendem\na sa\u00fade p\u00fablica como uma pol\u00edtica p\u00fablica de excel\u00eancia. Comemoro 25 anos com a\nFUMSSAR e tenho muito orgulho de poder fazer parte desta hist\u00f3ria de muitos\ndesafios, mas de muitas alegrias. Esta trajet\u00f3ria contou principalmente com\ngente cuidando de gente\u201d, frisou. J\u00e1 o m\u00e9dico Gerson Deutner da Silva, que atua\nh\u00e1 9 meses apenas a FUMSSAR, tamb\u00e9m tem o que dizer. \u201c\u00c9 diferente de todos os\nlugares que j\u00e1 trabalhei. Bem organizada e estruturada, um exemplo\u201d, destaca.<\/p>\n\n\n\n<p>Na \u00e1rea administrativa, o Prefeito Alcides\nVicini esteve ligado diretamente \u00e0 FUMSSAR por 16 anos. \u201cSempre priorizamos a\nsa\u00fade com recursos. Investimos sempre muito al\u00e9m daquele percentual da\nConstitui\u00e7\u00e3o. A sa\u00fade teve avan\u00e7os fant\u00e1sticos, tanto na rede b\u00e1sica, com\nequipamentos e pessoas nos postos, como na cria\u00e7\u00e3o de novos atendimentos. \u201cN\u00e3o\ntenho d\u00favida que avan\u00e7amos muito na qualidade da sa\u00fade de Santa Rosa nestes 25\nanos. Isso foi fruto de investimento alto e boa articula\u00e7\u00e3o com entidades fundamentais.\nAgora por exemplo, no come\u00e7o do ano, quando fomos pegos pela Pandemia do Covid,\nde uma forma muito bem articulada, a Prefeitura, FUMSSAR, HVS e prefeitos da\nregi\u00e3o, fizeram um grande trabalho, criando um hospital diferenciado,\npermitindo que sejamos talvez o \u00fanico do Estado especializado e com equipe\npr\u00f3pria para atender pessoas v\u00edtimas do Covid\u201d, concluiu. <\/p>\n\n\n\n<p>O Presidente da Funda\u00e7\u00e3o, Delcio Stefan, conta\nque acompanhou a cria\u00e7\u00e3o da FUMSSAR at\u00e9 o momento atual, pois tem 30 anos de\nservi\u00e7o p\u00fablico e est\u00e1 cedido \u00e0 Funda\u00e7\u00e3o desde que ela come\u00e7ou a exercer sua\natividade com personalidade&nbsp; jur\u00eddica\npr\u00f3pria. \u201cO grande diferencial foi uma estrutura pr\u00f3pria para sa\u00fade, que nos\npermite uma a\u00e7\u00e3o mais participativa das a\u00e7\u00f5es de sa\u00fade junto \u00e0 regi\u00e3o, Estado e\nMinist\u00e9rio da Sa\u00fade. &nbsp;Aumentamos os\nrecursos financeiros,&nbsp; os empregos, mas a\ngrande mudan\u00e7a \u00e9 a amplia\u00e7\u00e3o dos cuidados de sa\u00fade da popula\u00e7\u00e3o de Santa Rosa\u201d,\nrefor\u00e7a.<\/p>\n\n\n\n<p>Hoje, o complexo que iniciou pequeno, tem 433\nservidores, entre estatut\u00e1rios e celetistas; sede Administrativa pr\u00f3pria, com\nCentro de especialidades, mais 4 departamentos com diretorias respons\u00e1veis por\nv\u00e1rios setores, todos devidamente estruturados fisicamente, com recursos\nhumanos apropriados; 20 Unidades de Sa\u00fade entre \u00e1rea urbana e interior;\ngerencia o Hemocentro com servidores pr\u00f3prios; possui laborat\u00f3rio pr\u00f3prio,\nCerest, Cer, UPA, SAMU e uma frota invej\u00e1vel de ve\u00edculos.<\/p>\n","protected":false},"excerpt":{"rendered":"<p>H\u00e1 25 anos atr\u00e1s, em 27 de dezembro de 1995, nascia aquela que se tornaria&#8230;<\/p>\n","protected":false},"author":31,"featured_media":16067,"comment_status":"open","ping_status":"open","sticky":false,"template":"","format":"standard","meta":{"footnotes":""},"categories":[2],"tags":[],"_links":{"self":[{"href":"https:\/\/www.fumssar.com.br\/index.php?rest_route=\/wp\/v2\/posts\/16066"}],"collection":[{"href":"https:\/\/www.fumssar.com.br\/index.php?rest_route=\/wp\/v2\/posts"}],"about":[{"href":"https:\/\/www.fumssar.com.br\/index.php?rest_route=\/wp\/v2\/types\/post"}],"author":[{"embeddable":true,"href":"https:\/\/www.fumssar.com.br\/index.php?rest_route=\/wp\/v2\/users\/31"}],"replies":[{"embeddable":true,"href":"https:\/\/www.fumssar.com.br\/index.php?rest_route=%2Fwp%2Fv2%2Fcomments&post=16066"}],"version-history":[{"count":1,"href":"https:\/\/www.fumssar.com.br\/index.php?rest_route=\/wp\/v2\/posts\/16066\/revisions"}],"predecessor-version":[{"id":16068,"href":"https:\/\/www.fumssar.com.br\/index.php?rest_route=\/wp\/v2\/posts\/16066\/revisions\/16068"}],"wp:featuredmedia":[{"embeddable":true,"href":"https:\/\/www.fumssar.com.br\/index.php?rest_route=\/wp\/v2\/media\/16067"}],"wp:attachment":[{"href":"https:\/\/www.fumssar.com.br\/index.php?rest_route=%2Fwp%2Fv2%2Fmedia&parent=16066"}],"wp:term":[{"taxonomy":"category","embeddable":true,"href":"https:\/\/www.fumssar.com.br\/index.php?rest_route=%2Fwp%2Fv2%2Fcategories&post=16066"},{"taxonomy":"post_tag","embeddable":true,"href":"https:\/\/www.fumssar.com.br\/index.php?rest_route=%2Fwp%2Fv2%2Ftags&post=16066"}],"curies":[{"name":"wp","href":"https:\/\/api.w.org\/{rel}","templated":true}]}}