{"id":16034,"date":"2020-12-22T17:18:10","date_gmt":"2020-12-22T20:18:10","guid":{"rendered":"http:\/\/www.fumssar.com.br\/?p=16034"},"modified":"2024-10-07T16:34:39","modified_gmt":"2024-10-07T19:34:39","slug":"estiagem-favoreceu-para-reduzir-o-indice-de-infestacao-do-aedes-aegypti","status":"publish","type":"post","link":"https:\/\/www.fumssar.com.br\/?p=16034","title":{"rendered":"Estiagem favoreceu para reduzir o \u00edndice de infesta\u00e7\u00e3o do Aedes Aegypti"},"content":{"rendered":"\n<p>Depois de vivenciar um surto de Dengue nos meses de abril, maio e junho deste ano, a Funda\u00e7\u00e3o Municipal de Sa\u00fade de Santa Rosa conseguiu reduzir seu \u00edndice de Infesta\u00e7\u00e3o do mosquito Aedes Aegypti para 1.1, resultado este verificado pelo LIRA, que foi realizado no in\u00edcio de dezembro. O ideal preconizado pelo Minist\u00e9rio da Sa\u00fade \u00e9 de 1 ponto. <br>\nO levantamento foi feito em 1335 im\u00f3veis, em diversos bairros da cidade durante um per\u00edodo de 6 dias pelos Agentes de Combate \u00e0 Endemias. Alice Klein, Diretora de Gest\u00e3o Prim\u00e1ria em Sa\u00fade, salienta que o resultado do LIRA \u00e9 positivo, no entanto, \u00e9 preciso considerar que vivenciou-se um per\u00edodo de estiagem, uma for\u00e7a externa da natureza que favoreceu em muito para este n\u00famero.  \u201cTivemos uma seca bastante grande, que n\u00e3o deixou acumular \u00e1gua em nenhum local.  Mas isso n\u00e3o significa que n\u00e3o tenhamos mosquitos e que estamos livres da doen\u00e7a, muito menos dos cuidados\u201d, pondera.<br>\nComparando com os 3 \u00faltimos anos, o LIRA de Santa Rosa Manteve-se est\u00e1vel. Apenas em 2017, quando foram registrados v\u00e1rios casos tamb\u00e9m, a m\u00e9dia ficou em 3,5; em 2018 foi 1,1; em 2019 foi 1.6 e agora 2020, com 1,1 (quando e janeiro estava em 2.2).  O LIRA tamb\u00e9m mostra que da parte da cidade que compreende da Balne\u00e1ria at\u00e9 Cruzeiro, o \u00edndice foi de 0,9; no centro, de 1,1 e na Auxiliadora e proximidades, foi de 1,4, que foi exatamente onde teve-se o maior n\u00famero de casos de dengue registrados. A m\u00e9dia geral, ficou ent\u00e3o em 1,1.<br>\nO trabalho de vistoria realizado pelos Agentes de Endemias e Agentes de Sa\u00fade, seguir\u00e1 intenso nas resid\u00eancias, uma vez que o calor e a vinda de chuva, s\u00e3o combust\u00edveis perfeitos para a prolifera\u00e7\u00e3o do mosquito transmissor da dengue.  O Presidente da FUMSSAR, Delcio Stefan, frisou que as pessoas devem seguir fazendo sua parte com rela\u00e7\u00e3o aos cuidados em suas resid\u00eancias, para que n\u00e3o se repita novamente o mesmo cen\u00e1rio, de um surto de dengue na cidade.<\/p>\n","protected":false},"excerpt":{"rendered":"<p>Depois de vivenciar um surto de Dengue nos meses de abril, maio e junho deste&#8230;<\/p>\n","protected":false},"author":31,"featured_media":16035,"comment_status":"open","ping_status":"open","sticky":false,"template":"","format":"standard","meta":{"footnotes":""},"categories":[2],"tags":[],"_links":{"self":[{"href":"https:\/\/www.fumssar.com.br\/index.php?rest_route=\/wp\/v2\/posts\/16034"}],"collection":[{"href":"https:\/\/www.fumssar.com.br\/index.php?rest_route=\/wp\/v2\/posts"}],"about":[{"href":"https:\/\/www.fumssar.com.br\/index.php?rest_route=\/wp\/v2\/types\/post"}],"author":[{"embeddable":true,"href":"https:\/\/www.fumssar.com.br\/index.php?rest_route=\/wp\/v2\/users\/31"}],"replies":[{"embeddable":true,"href":"https:\/\/www.fumssar.com.br\/index.php?rest_route=%2Fwp%2Fv2%2Fcomments&post=16034"}],"version-history":[{"count":1,"href":"https:\/\/www.fumssar.com.br\/index.php?rest_route=\/wp\/v2\/posts\/16034\/revisions"}],"predecessor-version":[{"id":16036,"href":"https:\/\/www.fumssar.com.br\/index.php?rest_route=\/wp\/v2\/posts\/16034\/revisions\/16036"}],"wp:featuredmedia":[{"embeddable":true,"href":"https:\/\/www.fumssar.com.br\/index.php?rest_route=\/wp\/v2\/media\/16035"}],"wp:attachment":[{"href":"https:\/\/www.fumssar.com.br\/index.php?rest_route=%2Fwp%2Fv2%2Fmedia&parent=16034"}],"wp:term":[{"taxonomy":"category","embeddable":true,"href":"https:\/\/www.fumssar.com.br\/index.php?rest_route=%2Fwp%2Fv2%2Fcategories&post=16034"},{"taxonomy":"post_tag","embeddable":true,"href":"https:\/\/www.fumssar.com.br\/index.php?rest_route=%2Fwp%2Fv2%2Ftags&post=16034"}],"curies":[{"name":"wp","href":"https:\/\/api.w.org\/{rel}","templated":true}]}}