{"id":15953,"date":"2020-12-10T08:02:48","date_gmt":"2020-12-10T11:02:48","guid":{"rendered":"http:\/\/www.fumssar.com.br\/?p=15953"},"modified":"2024-10-07T16:34:39","modified_gmt":"2024-10-07T19:34:39","slug":"fumssar-alerta-que-sem-consciencia-nao-havera-reducao-do-virus","status":"publish","type":"post","link":"https:\/\/www.fumssar.com.br\/?p=15953","title":{"rendered":"FUMSSAR alerta que sem consci\u00eancia, n\u00e3o haver\u00e1 redu\u00e7\u00e3o do v\u00edrus"},"content":{"rendered":"\n<p>A Funda\u00e7\u00e3o Municipal da Sa\u00fade tem feito, incansavelmente nos \u00faltimos 10 meses, o seu trabalho de orienta\u00e7\u00e3o e conscientiza\u00e7\u00e3o atrav\u00e9s das equipes da Vigil\u00e2ncia. Um trabalho \u00e1rduo, que dura noites e finais de semana, sem tr\u00e9gua para tentar reduzir as aglomera\u00e7\u00f5es e evitar a propaga\u00e7\u00e3o do Covid-19. <br>\nNo entanto, o que se v\u00ea, \u00e9 que para tentar driblar a fiscaliza\u00e7\u00e3o, as pessoas tem se reunido nas chamadas festas e encontros \u2018clandestinos\u2019. Segundo a Diretora de Aten\u00e7\u00e3o Prim\u00e1ria em Sa\u00fade, Alice Klein, as pessoas devem fugir do v\u00edrus e n\u00e3o da fiscaliza\u00e7\u00e3o, pois esta tem o objetivo de evitar a dissemina\u00e7\u00e3o do v\u00edrus e fazer com que as pessoas n\u00e3o fiquem doentes.  \u201cA consci\u00eancia de n\u00e3o se aglomerar e ter cuidado de etiqueta respirat\u00f3ria em qualquer lugar, \u00e9 uma responsabilidade de cada cidad\u00e3o. Cada um de n\u00f3s deve ter o compromisso do cuidado e saber que um ato de irresponsabilidade seu, pode levar a um surto de Covid n\u00e3o somente para sua fam\u00edlia, mas tamb\u00e9m para o seu local de trabalho.  Isso acarreta em consequ\u00eancias para a sua empresa e para as pessoas que mais ama.  Ningu\u00e9m vai querer ser o respons\u00e1vel por um surto interno de contamina\u00e7\u00e3o onde trabalha\u201d, frisou.<br>\nE estes surtos, destaca Alice, prov\u00e9m de atitudes irrespons\u00e1veis de pessoas que v\u00e3o em locais onde h\u00e1 grande possibilidade de ter gente contaminada. \u201cA contamina\u00e7\u00e3o s\u00f3 se reduz quando h\u00e1 a responsabilidade e conscientiza\u00e7\u00e3o de todos, portanto, fuja do v\u00edrus, n\u00e3o da vigil\u00e2ncia\u201d, concluiu.     <br>\nDelcio Stefan, frisou que as a\u00e7\u00f5es de enfrentamento e todo trabalho de conscientiza\u00e7\u00e3o est\u00e1 sendo feito, mas de nada adianta se n\u00e3o houver a colabora\u00e7\u00e3o de todos, pois cada um precisa fazer a sua parte.<\/p>\n","protected":false},"excerpt":{"rendered":"<p>A Funda\u00e7\u00e3o Municipal da Sa\u00fade tem feito, incansavelmente nos \u00faltimos 10 meses, o seu trabalho&#8230;<\/p>\n","protected":false},"author":31,"featured_media":0,"comment_status":"open","ping_status":"open","sticky":false,"template":"","format":"standard","meta":{"footnotes":""},"categories":[2],"tags":[],"_links":{"self":[{"href":"https:\/\/www.fumssar.com.br\/index.php?rest_route=\/wp\/v2\/posts\/15953"}],"collection":[{"href":"https:\/\/www.fumssar.com.br\/index.php?rest_route=\/wp\/v2\/posts"}],"about":[{"href":"https:\/\/www.fumssar.com.br\/index.php?rest_route=\/wp\/v2\/types\/post"}],"author":[{"embeddable":true,"href":"https:\/\/www.fumssar.com.br\/index.php?rest_route=\/wp\/v2\/users\/31"}],"replies":[{"embeddable":true,"href":"https:\/\/www.fumssar.com.br\/index.php?rest_route=%2Fwp%2Fv2%2Fcomments&post=15953"}],"version-history":[{"count":1,"href":"https:\/\/www.fumssar.com.br\/index.php?rest_route=\/wp\/v2\/posts\/15953\/revisions"}],"predecessor-version":[{"id":15954,"href":"https:\/\/www.fumssar.com.br\/index.php?rest_route=\/wp\/v2\/posts\/15953\/revisions\/15954"}],"wp:attachment":[{"href":"https:\/\/www.fumssar.com.br\/index.php?rest_route=%2Fwp%2Fv2%2Fmedia&parent=15953"}],"wp:term":[{"taxonomy":"category","embeddable":true,"href":"https:\/\/www.fumssar.com.br\/index.php?rest_route=%2Fwp%2Fv2%2Fcategories&post=15953"},{"taxonomy":"post_tag","embeddable":true,"href":"https:\/\/www.fumssar.com.br\/index.php?rest_route=%2Fwp%2Fv2%2Ftags&post=15953"}],"curies":[{"name":"wp","href":"https:\/\/api.w.org\/{rel}","templated":true}]}}