{"id":15950,"date":"2020-12-10T08:01:57","date_gmt":"2020-12-10T11:01:57","guid":{"rendered":"http:\/\/www.fumssar.com.br\/?p=15950"},"modified":"2024-10-07T16:34:39","modified_gmt":"2024-10-07T19:34:39","slug":"fundacao-municipal-da-saude-e-prefeitura-buscam-garantir-vacina-contra-a-covid-19","status":"publish","type":"post","link":"https:\/\/www.fumssar.com.br\/?p=15950","title":{"rendered":"Funda\u00e7\u00e3o Municipal da Sa\u00fade e Prefeitura buscam garantir vacina contra a COVID 19"},"content":{"rendered":"\n<p>Em uma r\u00e1pida reuni\u00e3o realizada na manh\u00e3 de ter\u00e7a-feira, dia 08, entre o prefeito Alcides Vicini e o Presidente da Funda\u00e7\u00e3o Municipal da Sa\u00fade, D\u00e9lcio Stefan, ficou determinado que o munic\u00edpio vai buscar junto a Secretaria da Sa\u00fade do Estado, Governo Federal e Minist\u00e9rio da Sa\u00fade, para que o munic\u00edpio conte com a imuniza\u00e7\u00e3o da vacina da covid-19 assim que esteja dispon\u00edvel para a popula\u00e7\u00e3o.  De acordo com o prefeito, a FAMURS e a Confedera\u00e7\u00e3o Nacional dos Munic\u00edpios, (CNM), est\u00e3o se mobilizando atrav\u00e9s do Movimento Municipalista junto ao Governo Federal em rela\u00e7\u00e3o \u00e0s vacinas para que n\u00e3o haja uma disputa entre os estados. \u201cEstamos atentos e preocupados com o avan\u00e7o do v\u00edrus. Nossa expectativa \u00e9 que as doses de imuniza\u00e7\u00e3o sejam adquiridas e distribu\u00eddas pelo governo federal, mas se for preciso comprar para imunizar nossa popula\u00e7\u00e3o, vamos comprar\u201d, finaliza Vicini.<\/p>\n","protected":false},"excerpt":{"rendered":"<p>Em uma r\u00e1pida reuni\u00e3o realizada na manh\u00e3 de ter\u00e7a-feira, dia 08, entre o prefeito Alcides&#8230;<\/p>\n","protected":false},"author":31,"featured_media":15951,"comment_status":"open","ping_status":"open","sticky":false,"template":"","format":"standard","meta":{"footnotes":""},"categories":[2],"tags":[],"_links":{"self":[{"href":"https:\/\/www.fumssar.com.br\/index.php?rest_route=\/wp\/v2\/posts\/15950"}],"collection":[{"href":"https:\/\/www.fumssar.com.br\/index.php?rest_route=\/wp\/v2\/posts"}],"about":[{"href":"https:\/\/www.fumssar.com.br\/index.php?rest_route=\/wp\/v2\/types\/post"}],"author":[{"embeddable":true,"href":"https:\/\/www.fumssar.com.br\/index.php?rest_route=\/wp\/v2\/users\/31"}],"replies":[{"embeddable":true,"href":"https:\/\/www.fumssar.com.br\/index.php?rest_route=%2Fwp%2Fv2%2Fcomments&post=15950"}],"version-history":[{"count":1,"href":"https:\/\/www.fumssar.com.br\/index.php?rest_route=\/wp\/v2\/posts\/15950\/revisions"}],"predecessor-version":[{"id":15952,"href":"https:\/\/www.fumssar.com.br\/index.php?rest_route=\/wp\/v2\/posts\/15950\/revisions\/15952"}],"wp:featuredmedia":[{"embeddable":true,"href":"https:\/\/www.fumssar.com.br\/index.php?rest_route=\/wp\/v2\/media\/15951"}],"wp:attachment":[{"href":"https:\/\/www.fumssar.com.br\/index.php?rest_route=%2Fwp%2Fv2%2Fmedia&parent=15950"}],"wp:term":[{"taxonomy":"category","embeddable":true,"href":"https:\/\/www.fumssar.com.br\/index.php?rest_route=%2Fwp%2Fv2%2Fcategories&post=15950"},{"taxonomy":"post_tag","embeddable":true,"href":"https:\/\/www.fumssar.com.br\/index.php?rest_route=%2Fwp%2Fv2%2Ftags&post=15950"}],"curies":[{"name":"wp","href":"https:\/\/api.w.org\/{rel}","templated":true}]}}