{"id":1590,"date":"2014-04-17T19:32:01","date_gmt":"2014-04-17T19:32:01","guid":{"rendered":"http:\/\/www.fumssar.com.br\/?p=1590"},"modified":"2014-04-29T19:35:47","modified_gmt":"2014-04-29T19:35:47","slug":"edital-de-convocacao-no-192014-selecao-publica-012013","status":"publish","type":"post","link":"https:\/\/www.fumssar.com.br\/?p=1590","title":{"rendered":"EDITAL DE CONVOCA\u00c7\u00c3O N\u00ba 19\/2014-Sele\u00e7\u00e3o P\u00fablica 01\/2013"},"content":{"rendered":"<p style=\"text-align: center\"><b>\u00a0EDITAL DE CONVOCA\u00c7\u00c3O N\u00ba 19\/2014<br \/>\n<\/b><\/p>\n<p><b>\u00a0\u00a0\u00a0\u00a0\u00a0\u00a0\u00a0\u00a0\u00a0\u00a0\u00a0\u00a0 O Presidente da Funda\u00e7\u00e3o Municipal de Sa\u00fade de Santa Rosa, <\/b>comunica que dever\u00e1 (\u00e3o) comparecer na Funda\u00e7\u00e3o Municipal da Sa\u00fade, sito \u00e0 Rua Boa Vista, n\u00ba 401, para assumir vaga (s) para provimento de emprego(s) p\u00fablico (s), conforme segue abaixo. Informa ainda que se o(s) candidato (s) <b>n\u00e3o se<\/b> <b>apresentar (em) no prazo m\u00e1ximo de 15 (quinze) dias, ap\u00f3s esta publica\u00e7\u00e3o, ser\u00e1 (\u00e3o) considerado(s) desistente(s) tacitamente.<\/b><\/p>\n<p><b>Sele\u00e7\u00e3o P\u00fablica n.\u00ba 01\/2013<\/b><\/p>\n<p>Agente Comunit\u00e1rio de Sa\u00fade<\/p>\n<p><b>Cargo:ACS-Distrito Sanit\u00e1rio 10-Gl\u00f3ria<\/b><\/p>\n<p>BETINA FALEIRO<\/p>\n<p><b>Cargo:ACS-Distrito Sanit\u00e1rio 16- Timba\u00fava<\/b><\/p>\n<p>LENI TEREZINHA DA SILVA<\/p>\n<p>PRESIDENTE DA FUNDA\u00c7\u00c3O MUNICIPAL DE SA\u00daDE DE SANTA ROSA, 17 ABRIL \u00a0DE 2014.<\/p>\n<p>LU\u00cdS ANT\u00d4NIO BENVEGN\u00da\u00a0\u00a0\u00a0\u00a0\u00a0\u00a0\u00a0\u00a0\u00a0\u00a0\u00a0\u00a0\u00a0\u00a0\u00a0\u00a0\u00a0\u00a0\u00a0\u00a0\u00a0\u00a0 ALDAIR MELCHIOR<\/p>\n<p>Presidente FUMSSAR\u00a0\u00a0\u00a0\u00a0\u00a0\u00a0\u00a0\u00a0\u00a0\u00a0\u00a0\u00a0\u00a0\u00a0\u00a0\u00a0\u00a0\u00a0\u00a0\u00a0\u00a0\u00a0\u00a0\u00a0\u00a0\u00a0 Diretor de Gest\u00e3o Administrativa<\/p>\n","protected":false},"excerpt":{"rendered":"<p>\u00a0EDITAL DE CONVOCA\u00c7\u00c3O N\u00ba 19\/2014 \u00a0\u00a0\u00a0\u00a0\u00a0\u00a0\u00a0\u00a0\u00a0\u00a0\u00a0\u00a0 O Presidente da Funda\u00e7\u00e3o Municipal de Sa\u00fade de Santa&#8230;<\/p>\n","protected":false},"author":6,"featured_media":0,"comment_status":"open","ping_status":"open","sticky":false,"template":"","format":"standard","meta":{"footnotes":""},"categories":[34],"tags":[],"_links":{"self":[{"href":"https:\/\/www.fumssar.com.br\/index.php?rest_route=\/wp\/v2\/posts\/1590"}],"collection":[{"href":"https:\/\/www.fumssar.com.br\/index.php?rest_route=\/wp\/v2\/posts"}],"about":[{"href":"https:\/\/www.fumssar.com.br\/index.php?rest_route=\/wp\/v2\/types\/post"}],"author":[{"embeddable":true,"href":"https:\/\/www.fumssar.com.br\/index.php?rest_route=\/wp\/v2\/users\/6"}],"replies":[{"embeddable":true,"href":"https:\/\/www.fumssar.com.br\/index.php?rest_route=%2Fwp%2Fv2%2Fcomments&post=1590"}],"version-history":[{"count":3,"href":"https:\/\/www.fumssar.com.br\/index.php?rest_route=\/wp\/v2\/posts\/1590\/revisions"}],"predecessor-version":[{"id":1593,"href":"https:\/\/www.fumssar.com.br\/index.php?rest_route=\/wp\/v2\/posts\/1590\/revisions\/1593"}],"wp:attachment":[{"href":"https:\/\/www.fumssar.com.br\/index.php?rest_route=%2Fwp%2Fv2%2Fmedia&parent=1590"}],"wp:term":[{"taxonomy":"category","embeddable":true,"href":"https:\/\/www.fumssar.com.br\/index.php?rest_route=%2Fwp%2Fv2%2Fcategories&post=1590"},{"taxonomy":"post_tag","embeddable":true,"href":"https:\/\/www.fumssar.com.br\/index.php?rest_route=%2Fwp%2Fv2%2Ftags&post=1590"}],"curies":[{"name":"wp","href":"https:\/\/api.w.org\/{rel}","templated":true}]}}