{"id":15884,"date":"2020-12-03T08:54:57","date_gmt":"2020-12-03T11:54:57","guid":{"rendered":"http:\/\/www.fumssar.com.br\/?p=15884"},"modified":"2024-10-07T16:34:39","modified_gmt":"2024-10-07T19:34:39","slug":"fumssar-entrega-respiradores-e-mais-5-leitos-de-uti-ao-hospital","status":"publish","type":"post","link":"https:\/\/www.fumssar.com.br\/?p=15884","title":{"rendered":"Fumssar entrega respiradores e mais 5 leitos de UTI ao hospital"},"content":{"rendered":"\n<p>Num esfor\u00e7o da Funda\u00e7\u00e3o Municipal da\nSa\u00fade no combate ao Coronav\u00edrus, foram adquiridos 12 respiradores \u2013 &nbsp;8 de leito e 4 de transporte &#8211; &nbsp;no valor de R$ 605 mil,\nque foram cedidos para o Vida &amp; Sa\u00fade, administradora da Unidade de\nProblemas Respirat\u00f3rios e Covid-19 (Abosco). A entrega, foi feita na manh\u00e3 de\nquarta-feira, contando com a presen\u00e7a do Presidente da FUMSSAR, D\u00e9lcio Stefan,\ndos diretores da mesma e dos representantes do HVS, Rubens Zamberlan\n(presidente), Vanderli de Barrros (Diretora Geral) e Rodrigo Calixto (Diretor\nde Infraestrutura), al\u00e9m do Prefeito em Exerc\u00edcio, Aldair Melchior.<\/p>\n\n\n\n<p>Desde o in\u00edcio da Pandemia, o valor\nresultante da uni\u00e3o de esfor\u00e7os das entidades como FUMSSAR, HVS, Minist\u00e9rio\nP\u00fablico, Poder P\u00fablico e empresas privadas, j\u00e1 soma aproximadamente &nbsp;R$ 2 milh\u00f5es, entre recursos de obras,\nmanuten\u00e7\u00e3o e equipamentos. <\/p>\n\n\n\n<p>Conforme o Presidente da Funda\u00e7\u00e3o,\nDelcio Stefan, estes respiradores que agora chegaram, vieram em boa hora para\nrefor\u00e7ar o material j\u00e1 existente e que os mesmos ficar\u00e3o no hospital p\u00f3s Covid.\n\u201cN\u00f3s conseguimos tudo isso para a sa\u00fade de Santa\nRosa em uma ajuda m\u00fatua e quem ganha \u00e9 a popula\u00e7\u00e3o. Nenhum paciente da cidade\nprecisou sair para ter atendimento fora daqui por causa do Coronav\u00edrus\u201d,\ndestacou. Ele refor\u00e7ou ainda, que poucos munic\u00edpios conseguiram construir uma\nestrutura t\u00e3o boa e com bons resultados de enfrentamento ao Covid como Santa\nRosa. <\/p>\n\n\n\n<p>J\u00e1 o Presidente do Vida &amp; Sa\u00fade,\nRubens Zamberlan, destacou que estes equipamentos vem para dar uma presta\u00e7\u00e3o de\nservi\u00e7o mais adequada, gra\u00e7as a uni\u00e3o de todas as for\u00e7as. &nbsp;Aldair Melchior, Prefeito em exerc\u00edcio,\nenalteceu a uni\u00e3o de todos nestas conquistas e reconheceu o esfor\u00e7o cont\u00ednuo\nque a FUMSSAR e o HVS tem feito neste per\u00edodo de Pandemia, capazes de colocar\nSanta Rosa como exemplo neste enfrentamento.<\/p>\n\n\n\n<p><strong>Sobre os novos 5 leitos \u2013<\/strong> A FUMSSAR tamb\u00e9m contratou mais 5 leitos de UTI na Abosco,\nque s\u00e3o fruto da articula\u00e7\u00e3o regional, conduzida pelo Prefeito Vicini com os\ndemais prefeitos. Um detalhe importante, \u00e9 que estes leitos ser\u00e3o reservados\npara pacientes apenas de Santa Rosa e regi\u00e3o, dando uma seguran\u00e7a \u00e0 mais para a\ncomunidade. Os mesmos entraram em funcionamento no dia 1\u00ba de dezembro.<\/p>\n","protected":false},"excerpt":{"rendered":"<p>Num esfor\u00e7o da Funda\u00e7\u00e3o Municipal da Sa\u00fade no combate ao Coronav\u00edrus, foram adquiridos 12 respiradores&#8230;<\/p>\n","protected":false},"author":31,"featured_media":15885,"comment_status":"open","ping_status":"open","sticky":false,"template":"","format":"standard","meta":{"footnotes":""},"categories":[2],"tags":[],"_links":{"self":[{"href":"https:\/\/www.fumssar.com.br\/index.php?rest_route=\/wp\/v2\/posts\/15884"}],"collection":[{"href":"https:\/\/www.fumssar.com.br\/index.php?rest_route=\/wp\/v2\/posts"}],"about":[{"href":"https:\/\/www.fumssar.com.br\/index.php?rest_route=\/wp\/v2\/types\/post"}],"author":[{"embeddable":true,"href":"https:\/\/www.fumssar.com.br\/index.php?rest_route=\/wp\/v2\/users\/31"}],"replies":[{"embeddable":true,"href":"https:\/\/www.fumssar.com.br\/index.php?rest_route=%2Fwp%2Fv2%2Fcomments&post=15884"}],"version-history":[{"count":1,"href":"https:\/\/www.fumssar.com.br\/index.php?rest_route=\/wp\/v2\/posts\/15884\/revisions"}],"predecessor-version":[{"id":15886,"href":"https:\/\/www.fumssar.com.br\/index.php?rest_route=\/wp\/v2\/posts\/15884\/revisions\/15886"}],"wp:featuredmedia":[{"embeddable":true,"href":"https:\/\/www.fumssar.com.br\/index.php?rest_route=\/wp\/v2\/media\/15885"}],"wp:attachment":[{"href":"https:\/\/www.fumssar.com.br\/index.php?rest_route=%2Fwp%2Fv2%2Fmedia&parent=15884"}],"wp:term":[{"taxonomy":"category","embeddable":true,"href":"https:\/\/www.fumssar.com.br\/index.php?rest_route=%2Fwp%2Fv2%2Fcategories&post=15884"},{"taxonomy":"post_tag","embeddable":true,"href":"https:\/\/www.fumssar.com.br\/index.php?rest_route=%2Fwp%2Fv2%2Ftags&post=15884"}],"curies":[{"name":"wp","href":"https:\/\/api.w.org\/{rel}","templated":true}]}}