{"id":15868,"date":"2020-12-02T13:59:56","date_gmt":"2020-12-02T16:59:56","guid":{"rendered":"http:\/\/www.fumssar.com.br\/?p=15868"},"modified":"2024-10-07T16:34:39","modified_gmt":"2024-10-07T19:34:39","slug":"fumssar-vai-realizar-exames-de-hiv-sifilis-e-hepatites-no-dia-4-resultado-sai-na-hora","status":"publish","type":"post","link":"https:\/\/www.fumssar.com.br\/?p=15868","title":{"rendered":"FUMSSAR vai realizar exames de HIV, S\u00edfilis e Hepatites no dia 4. Resultado sai na hora"},"content":{"rendered":"\n<p>No dia 4 de dezembro, a Funda\u00e7\u00e3o Municipal de Sa\u00fade de Santa\nRosa, estar\u00e1 realizando na Pra\u00e7a da Bandeira, das 8 \u00e0s 11 horas, testes r\u00e1pidos\nde HIV, S\u00edfilis e Hepatites B e C. As atividades de testagem, fazem parte do\nDezembro Vermelho, que \u00e9 o m\u00eas dedicado aos portadores de HIV e demais doen\u00e7as\nsexualmente transmiss\u00edveis. Os resultados ser\u00e3o entregues na hora ao paciente\nque realizar seu teste. <\/p>\n\n\n\n<p>Em Santa Rosa, a FUMSSAR \u00e9 respons\u00e1vel por todo monitoramento e\natendimento \u00e0s pessoas com Aids, atendendo atualmente, 336 pessoas neste ano de\n2020. Em 2019, foram diagnosticadas com a doen\u00e7a, 27 pessoas, sendo 15 do sexo\nfeminino e 12 do sexo masculino. J\u00e1 em 2020, s\u00e3o at\u00e9 o momento 14 novos casos,\nsendo 3 em mulheres e 11 e homens. <\/p>\n\n\n\n<p>Segundo informa\u00e7\u00f5es do SAE (Sistematiza\u00e7\u00e3o da Assist\u00eancia a\nEnfermagem), respons\u00e1vel pelo acompanhamento dos doentes, a faixa et\u00e1ria\npredominante em 2019 foi dos 20 a 29 anos e dos 50 aos 59 anos, que tiveram 8\ncasos cada. J\u00e1 neste ano, o maior n\u00famero de casos est\u00e1 concentrado na faixa dos\n20 aos 29, seguido dos 30 aos 39 anos de idade em Santa Rosa. <\/p>\n\n\n\n<p>Segundo Fabiane Vorpagel, Coordenadora do Centro de\nEspecialidades, normalmente os pacientes s\u00e3o encaminhados pelas UBS para dar\nseguimento ao tratamento especializado.&nbsp;\n\u201cO procedimento \u00e9 realizar mais um exame confirmat\u00f3rio. A partir de\nent\u00e3o a pessoa \u00e9 acompanhada por uma enfermeira e faz exames peri\u00f3dicos. Temos\numa m\u00e9dica que atende a cada 14 dias e cuida destes pacientes\u201d, explica. <\/p>\n\n\n\n<p>A FUMSSAR tamb\u00e9m acompanha crian\u00e7as expostas ao HIV (filho de\nm\u00e3e soropositivo), at\u00e9 os 2 anos de idade e gestantes, onde a medica\u00e7\u00e3o para\nestes pacientes \u00e9 fornecida atrav\u00e9s da Assist\u00eancia Farmac\u00eautica da FUMSSAR. <\/p>\n\n\n\n<p>Janu\u00e1rio Vargas, Diretor da Rede Complementar de Sa\u00fade, destaca\nque a Rede Complementar, n\u00e3o est\u00e1 apenas engajada no combate ao Covid. \u201cNas\ndemais a\u00e7\u00f5es de conscientiza\u00e7\u00e3o e acompanhamento, no fornecimento de\nmedicamentos, a FUMSSAR segue&nbsp;\ntrabalhando. Assim, mantemos o controle das pessoas que precisam de\natendimento cont\u00ednuo, dando toda assist\u00eancia\u201d, destaca.&nbsp; J\u00e1 o Presidente da FUMSSAR, Delcio Stefan,\ndestaca a import\u00e2ncia da realiza\u00e7\u00e3o de testes r\u00e1pidos de HIV nas Unidades\nB\u00e1sicas de Sa\u00fade de Santa Rosa, uma vez que&nbsp;\nquanto mais cedo diagnosticada a doen\u00e7a, mas r\u00e1pido se inicia o tratamento\npara que o paciente possa ter uma vida normal. <\/p>\n\n\n\n<p>As atividades tamb\u00e9m foram realizadas no dia 1\u00ba, pelo SAE,\ncom o apoio da Resid\u00eancia Multiprofissional da FUMSSAR.<\/p>\n","protected":false},"excerpt":{"rendered":"<p>No dia 4 de dezembro, a Funda\u00e7\u00e3o Municipal de Sa\u00fade de Santa Rosa, estar\u00e1 realizando&#8230;<\/p>\n","protected":false},"author":31,"featured_media":15869,"comment_status":"open","ping_status":"open","sticky":false,"template":"","format":"standard","meta":{"footnotes":""},"categories":[2],"tags":[],"_links":{"self":[{"href":"https:\/\/www.fumssar.com.br\/index.php?rest_route=\/wp\/v2\/posts\/15868"}],"collection":[{"href":"https:\/\/www.fumssar.com.br\/index.php?rest_route=\/wp\/v2\/posts"}],"about":[{"href":"https:\/\/www.fumssar.com.br\/index.php?rest_route=\/wp\/v2\/types\/post"}],"author":[{"embeddable":true,"href":"https:\/\/www.fumssar.com.br\/index.php?rest_route=\/wp\/v2\/users\/31"}],"replies":[{"embeddable":true,"href":"https:\/\/www.fumssar.com.br\/index.php?rest_route=%2Fwp%2Fv2%2Fcomments&post=15868"}],"version-history":[{"count":1,"href":"https:\/\/www.fumssar.com.br\/index.php?rest_route=\/wp\/v2\/posts\/15868\/revisions"}],"predecessor-version":[{"id":15870,"href":"https:\/\/www.fumssar.com.br\/index.php?rest_route=\/wp\/v2\/posts\/15868\/revisions\/15870"}],"wp:featuredmedia":[{"embeddable":true,"href":"https:\/\/www.fumssar.com.br\/index.php?rest_route=\/wp\/v2\/media\/15869"}],"wp:attachment":[{"href":"https:\/\/www.fumssar.com.br\/index.php?rest_route=%2Fwp%2Fv2%2Fmedia&parent=15868"}],"wp:term":[{"taxonomy":"category","embeddable":true,"href":"https:\/\/www.fumssar.com.br\/index.php?rest_route=%2Fwp%2Fv2%2Fcategories&post=15868"},{"taxonomy":"post_tag","embeddable":true,"href":"https:\/\/www.fumssar.com.br\/index.php?rest_route=%2Fwp%2Fv2%2Ftags&post=15868"}],"curies":[{"name":"wp","href":"https:\/\/api.w.org\/{rel}","templated":true}]}}