{"id":15858,"date":"2020-12-01T15:08:44","date_gmt":"2020-12-01T18:08:44","guid":{"rendered":"http:\/\/www.fumssar.com.br\/?p=15858"},"modified":"2020-12-01T15:08:46","modified_gmt":"2020-12-01T18:08:46","slug":"dispensa-de-licitacao-no-42-2020","status":"publish","type":"post","link":"https:\/\/www.fumssar.com.br\/?p=15858","title":{"rendered":"Dispensa de Licita\u00e7\u00e3o n\u00ba 42\/2020"},"content":{"rendered":"\n<p>\n<strong>CONTRATANTE:\n<\/strong>Funda\u00e7\u00e3o\nMunicipal de Sa\u00fade de Santa Rosa \u2013 FUMSSAR<\/p>\n\n\n\n<p> <strong>OBJETO: <\/strong>Contrata\u00e7\u00e3o de veicula\u00e7\u00e3o de m\u00eddias em jornais e r\u00e1dios da cidade referente ao CORONAVIRUS\/COVID-19 para os meses de Novembro e Dezembro\/2020.<\/p>\n\n\n\n<p>\n<strong>PROCESSO\nADMINISTRATIVO N.\u00ba<\/strong>:\n2985\/2020\nde 03\/11\/2020.<\/p>\n\n\n\n<p>\n<strong>CONTRATADOS<\/strong><strong>:<\/strong>\n\n<\/p>\n\n\n\n<table class=\"wp-block-table\"><tbody><tr><td>\n\t\t\t<strong>EMPRESA<\/strong>\n\t\t<\/td><td>\n\t\t\t<strong>CNPJ<\/strong>\n\t\t<\/td><td>\n\t\t\t<strong>VALOR\n\t\t\tR$<\/strong>\n\t\t<\/td><\/tr><tr><td>\n\t\t\tEMPRESA\n\t\t\tJORNALISTICA NOROESTE LTDA\n\t\t<\/td><td>\n\t\t\t87.687.703\/0001-18\n\t\t<\/td><td>\n\t\t\t17.000,00\n\t\t<\/td><\/tr><tr><td>\n\t\t\tFUNDA\u00c7\u00c3O\n\t\t\tEDUCACIONAL MACHADO DE ASSIS &#8211; FEMA\n\t\t<\/td><td>\n\t\t\t95.817.615\/0001-11\n\t\t<\/td><td>\n\t\t\t6.000,00\n\t\t<\/td><\/tr><tr><td>\n\t\t\tEMPRESA\n\t\t\tJORN. GR EDIT. ARMANJE LTDA\n\t\t<\/td><td>\n\t\t\t10.418.021\/0001-85\n\t\t<\/td><td>\n\t\t\t8.000,00\n\t\t<\/td><\/tr><tr><td>\n\t\t\tFATO\n\t\t\tPROPAGANDA E COMUNICA\u00c7\u00c3O LTDA\n\t\t<\/td><td>\n\t\t\t90.374.430\/0001-66\n\t\t<\/td><td>\n\t\t\t2.000,00\n\t\t<\/td><\/tr><tr><td>\n\t\t\tNOVA\n\t\t\tFRONTEIRA PUBLICIDADE LTDA\n\t\t<\/td><td>\n\t\t\t09.492.282\/0001-66\n\t\t<\/td><td>\n\t\t\t6.000,00\n\t\t<\/td><\/tr><tr><td>\n\t\t\t<br>\n\n\t\t\t\n\t\t<\/td><td>\n\t\t\t39.000,00\n\t\t<\/td><\/tr><\/tbody><\/table>\n\n\n\n<p>\n<strong>FUNDAMENTO\nLEGAL: <\/strong>Com\nbase no art. 4\u00ba\n&#8211; B\nda Lei Federal n.\u00ba 8.666\/93 e suas altera\u00e7\u00f5es.<\/p>\n\n\n\n<p>\nSanta\nRosa, 30\nde Novembro de 2020.<\/p>\n\n\n\n<table class=\"wp-block-table aligncenter\"><tbody><tr><td> ______________________________ <br>Rog\u00e9rio Silva dos Santos <br>Diretor de Gest\u00e3o Administrativa <\/td><td>\n\t\t\t\t<br>\n\n\t\t\t\t\n\t\t\t<\/td><\/tr><\/tbody><\/table>\n","protected":false},"excerpt":{"rendered":"<p>CONTRATANTE: Funda\u00e7\u00e3o Municipal de Sa\u00fade de Santa Rosa \u2013 FUMSSAR OBJETO: Contrata\u00e7\u00e3o de veicula\u00e7\u00e3o de&#8230;<\/p>\n","protected":false},"author":7,"featured_media":0,"comment_status":"open","ping_status":"open","sticky":false,"template":"","format":"standard","meta":{"footnotes":""},"categories":[142],"tags":[],"_links":{"self":[{"href":"https:\/\/www.fumssar.com.br\/index.php?rest_route=\/wp\/v2\/posts\/15858"}],"collection":[{"href":"https:\/\/www.fumssar.com.br\/index.php?rest_route=\/wp\/v2\/posts"}],"about":[{"href":"https:\/\/www.fumssar.com.br\/index.php?rest_route=\/wp\/v2\/types\/post"}],"author":[{"embeddable":true,"href":"https:\/\/www.fumssar.com.br\/index.php?rest_route=\/wp\/v2\/users\/7"}],"replies":[{"embeddable":true,"href":"https:\/\/www.fumssar.com.br\/index.php?rest_route=%2Fwp%2Fv2%2Fcomments&post=15858"}],"version-history":[{"count":1,"href":"https:\/\/www.fumssar.com.br\/index.php?rest_route=\/wp\/v2\/posts\/15858\/revisions"}],"predecessor-version":[{"id":15859,"href":"https:\/\/www.fumssar.com.br\/index.php?rest_route=\/wp\/v2\/posts\/15858\/revisions\/15859"}],"wp:attachment":[{"href":"https:\/\/www.fumssar.com.br\/index.php?rest_route=%2Fwp%2Fv2%2Fmedia&parent=15858"}],"wp:term":[{"taxonomy":"category","embeddable":true,"href":"https:\/\/www.fumssar.com.br\/index.php?rest_route=%2Fwp%2Fv2%2Fcategories&post=15858"},{"taxonomy":"post_tag","embeddable":true,"href":"https:\/\/www.fumssar.com.br\/index.php?rest_route=%2Fwp%2Fv2%2Ftags&post=15858"}],"curies":[{"name":"wp","href":"https:\/\/api.w.org\/{rel}","templated":true}]}}