{"id":15778,"date":"2020-11-23T14:33:58","date_gmt":"2020-11-23T17:33:58","guid":{"rendered":"http:\/\/www.fumssar.com.br\/?p=15778"},"modified":"2024-10-07T16:34:39","modified_gmt":"2024-10-07T19:34:39","slug":"fumssar-oferta-mais-um-servico-a-populacao","status":"publish","type":"post","link":"https:\/\/www.fumssar.com.br\/?p=15778","title":{"rendered":"FUMSSAR oferta mais um servi\u00e7o \u00e0 popula\u00e7\u00e3o"},"content":{"rendered":"\n<p>Em reuni\u00e3o\nrealizada no dia 18 de novembro, da Comiss\u00e3o Intergestores Bipartite (CIB\/RS),\nfoi aprovada a implanta\u00e7\u00e3o&nbsp; de 10 leitos\npara crian\u00e7as e adolescentes com transtornos psicol\u00f3gicos, com financiamento Estadual,\nsob gest\u00e3o da FUMSSAR. O Hospital Vida &amp; Sa\u00fade, ser\u00e1 o prestador deste\nservi\u00e7o habilitado e est\u00e1 organizando sua estrutura f\u00edsica para implant\u00e1-los\nnos pr\u00f3ximos 30 dias. &nbsp;<\/p>\n\n\n\n<p>Anselmo\nLoureiro, Coordenador da 14\u00aa Coordenadoria Regional de Sa\u00fade, disse que esse servi\u00e7o\nque foi aprovado nesta semana, \u00e9 uma conquista em primeiro lugar para popula\u00e7\u00e3o\nque passar\u00e1 a ter a sua disposi\u00e7\u00e3o, atrav\u00e9s do servi\u00e7o p\u00fablico gratuito, uma\nunidade com 10 leitos em sa\u00fade mental para crian\u00e7as e adolescente e em segundo,\ndemonstra o trabalho em conjunto das institui\u00e7\u00f5es de sa\u00fade local (14\u00aaCRS,\nHospital Vida e Sa\u00fade e FUMSSAR) na busca de melhorias para a rede de aten\u00e7\u00e3o \u00e0\nsa\u00fade mental.<\/p>\n\n\n\n<p>J\u00e1 Vanderli de\nBarros, Diretora-geral do Hospital Vida &amp; Sa\u00fade, disse que \u00e9 uma satisfa\u00e7\u00e3o\npara o Hospital Vida &amp; Sa\u00fade poder disponibilizar mais este importante\nservi\u00e7o \u00e0 comunidade desta grande regi\u00e3o, em parceria com a FUMSSAR. \u201cEstamos\norganizando nossa infraestrutura para oferecer o atendimento de qualidade que \u00e9\ncaracter\u00edstico da nossa institui\u00e7\u00e3o, de forma humanizada, acolhendo mais esta\nrelevante demanda\u201d, destaca.<\/p>\n\n\n\n<p>&nbsp;Delcio Stefan, Presidente da FUMSSAR, explica\nque Santa Rosa ser\u00e1 a segunda cidade a ofertar esta modalidade de servi\u00e7o e vai\natender toda a Macro Regi\u00e3o Missioneira. \u201cO Estado assinalou esta oportunidade\nde implantar este servi\u00e7o e n\u00f3s aceitamos. Fizemos uma reuni\u00e3o com o hospital\nque tamb\u00e9m demonstrou interesse neste novo servi\u00e7o\u201d, comentou. Ele destacou\nainda, que este \u00e9 mais uma linha de cuidado que a FUMSSAR est\u00e1 trazendo para\nseus mun\u00edcipes e tamb\u00e9m para a regi\u00e3o. <\/p>\n\n\n\n<p>O munic\u00edpio de\nSanta Rosa ser\u00e1 o pioneiro no interior do Estado neste tipo de servi\u00e7o. <\/p>\n","protected":false},"excerpt":{"rendered":"<p>Em reuni\u00e3o realizada no dia 18 de novembro, da Comiss\u00e3o Intergestores Bipartite (CIB\/RS), foi aprovada&#8230;<\/p>\n","protected":false},"author":31,"featured_media":15779,"comment_status":"open","ping_status":"open","sticky":false,"template":"","format":"standard","meta":{"footnotes":""},"categories":[2],"tags":[],"_links":{"self":[{"href":"https:\/\/www.fumssar.com.br\/index.php?rest_route=\/wp\/v2\/posts\/15778"}],"collection":[{"href":"https:\/\/www.fumssar.com.br\/index.php?rest_route=\/wp\/v2\/posts"}],"about":[{"href":"https:\/\/www.fumssar.com.br\/index.php?rest_route=\/wp\/v2\/types\/post"}],"author":[{"embeddable":true,"href":"https:\/\/www.fumssar.com.br\/index.php?rest_route=\/wp\/v2\/users\/31"}],"replies":[{"embeddable":true,"href":"https:\/\/www.fumssar.com.br\/index.php?rest_route=%2Fwp%2Fv2%2Fcomments&post=15778"}],"version-history":[{"count":1,"href":"https:\/\/www.fumssar.com.br\/index.php?rest_route=\/wp\/v2\/posts\/15778\/revisions"}],"predecessor-version":[{"id":15780,"href":"https:\/\/www.fumssar.com.br\/index.php?rest_route=\/wp\/v2\/posts\/15778\/revisions\/15780"}],"wp:featuredmedia":[{"embeddable":true,"href":"https:\/\/www.fumssar.com.br\/index.php?rest_route=\/wp\/v2\/media\/15779"}],"wp:attachment":[{"href":"https:\/\/www.fumssar.com.br\/index.php?rest_route=%2Fwp%2Fv2%2Fmedia&parent=15778"}],"wp:term":[{"taxonomy":"category","embeddable":true,"href":"https:\/\/www.fumssar.com.br\/index.php?rest_route=%2Fwp%2Fv2%2Fcategories&post=15778"},{"taxonomy":"post_tag","embeddable":true,"href":"https:\/\/www.fumssar.com.br\/index.php?rest_route=%2Fwp%2Fv2%2Ftags&post=15778"}],"curies":[{"name":"wp","href":"https:\/\/api.w.org\/{rel}","templated":true}]}}