{"id":15772,"date":"2020-11-23T14:30:53","date_gmt":"2020-11-23T17:30:53","guid":{"rendered":"http:\/\/www.fumssar.com.br\/?p=15772"},"modified":"2024-10-07T16:34:39","modified_gmt":"2024-10-07T19:34:39","slug":"fumssar-e-hemocentro-abrem-oficialmente-a-semana-do-doador-em-santa-rosa","status":"publish","type":"post","link":"https:\/\/www.fumssar.com.br\/?p=15772","title":{"rendered":"FUMSSAR e Hemocentro abrem oficialmente a Semana do Doador em Santa Rosa"},"content":{"rendered":"\n<p>A Semana do Doador de Sangue foi\naberta oficialmente na manh\u00e3 de hoje, 23 de novembro, no Hemocentro Regional de\nSanta Rosa. A abertura, contou com a presen\u00e7a do Presidente da Funda\u00e7\u00e3o\nMunicipal da Sa\u00fade, Delcio Stefan, do Vice-prefeito Dr. Luis Ant\u00f4nio Benvegn\u00fa,\ndo Presidente da Fenasoja, Elias Dalalba, do Diretor da FEMA, Carlos Albea,\nPresidente da C\u00e2mara de Vereadores, Aldair Melchior, representante da Brigada\nMilitar, Tenente Sulimann, imprensa e demais convidados.<\/p>\n\n\n\n<p>Diversas ser\u00e3o as a\u00e7\u00f5es desenvolvidas\nnestes pr\u00f3ximos dias. Entre elas, o lan\u00e7amento da \u00c1rvore dos Bons Desejos, que\naconteceu durante a abertura da semana. Esta \u00e1rvore, vai receber ao longo dos dias,\ncentenas de mensagens de apoio daquelas pessoas que estiveram em um lindo\ngesto, doando seu sangue para salvar outras vidas. Quem receber\u00e1 este sangue,\nser\u00e1 presenteado com estes dizeres deixados pelos seus doadores. Na\nquarta-feira, dia 25, \u00e0s 9 horas, acontece a entrega dos cart\u00f5es aos doadores\nfidelizados; na quinta, entrega de certificados as empresas amigas do\nHemocentro e na sexta-feira, dia 27, homenagem aos funcion\u00e1rios e hor\u00e1rio de\natendimento ampliado, sem fechar ao meio dia. Ser\u00e1 das 7h30 \u00e0s 15 horas.<\/p>\n\n\n\n<p>Para Josiane\nAquino, Gerente do Hemocentro, a Semana do Doador \u00e9 uma forma de enaltecer e\nreconhecer aqueles doadores que sempre est\u00e3o doando e ajudando a manter os\nestoques de sangue em n\u00edveis seguros. Janu\u00e1rio Vargas, Diretor da Rede\nComplementar \u00e0 Sa\u00fade, frisou que em Santa Rosa, assim como na regi\u00e3o, as\npessoas tem um esp\u00edrito solid\u00e1rio muito bom, com doadores regulares que,\ninclusive, receber\u00e3o nesta semana o cart\u00e3o de doador fidelizado.<\/p>\n\n\n\n<p>J\u00e1 o presidente\nda Funda\u00e7\u00e3o Municipal da Sa\u00fade, Delcio Stefan, lembrou da trajet\u00f3ria do\nHemocentro ao longo destes anos e disse que se orgulha em ver que est\u00e1 t\u00e3o bem\nestruturado e seguindo firme e forte servindo os hospitais da regi\u00e3o. &nbsp;<\/p>\n","protected":false},"excerpt":{"rendered":"<p>A Semana do Doador de Sangue foi aberta oficialmente na manh\u00e3 de hoje, 23 de&#8230;<\/p>\n","protected":false},"author":31,"featured_media":15773,"comment_status":"open","ping_status":"open","sticky":false,"template":"","format":"standard","meta":{"footnotes":""},"categories":[2],"tags":[],"_links":{"self":[{"href":"https:\/\/www.fumssar.com.br\/index.php?rest_route=\/wp\/v2\/posts\/15772"}],"collection":[{"href":"https:\/\/www.fumssar.com.br\/index.php?rest_route=\/wp\/v2\/posts"}],"about":[{"href":"https:\/\/www.fumssar.com.br\/index.php?rest_route=\/wp\/v2\/types\/post"}],"author":[{"embeddable":true,"href":"https:\/\/www.fumssar.com.br\/index.php?rest_route=\/wp\/v2\/users\/31"}],"replies":[{"embeddable":true,"href":"https:\/\/www.fumssar.com.br\/index.php?rest_route=%2Fwp%2Fv2%2Fcomments&post=15772"}],"version-history":[{"count":1,"href":"https:\/\/www.fumssar.com.br\/index.php?rest_route=\/wp\/v2\/posts\/15772\/revisions"}],"predecessor-version":[{"id":15774,"href":"https:\/\/www.fumssar.com.br\/index.php?rest_route=\/wp\/v2\/posts\/15772\/revisions\/15774"}],"wp:featuredmedia":[{"embeddable":true,"href":"https:\/\/www.fumssar.com.br\/index.php?rest_route=\/wp\/v2\/media\/15773"}],"wp:attachment":[{"href":"https:\/\/www.fumssar.com.br\/index.php?rest_route=%2Fwp%2Fv2%2Fmedia&parent=15772"}],"wp:term":[{"taxonomy":"category","embeddable":true,"href":"https:\/\/www.fumssar.com.br\/index.php?rest_route=%2Fwp%2Fv2%2Fcategories&post=15772"},{"taxonomy":"post_tag","embeddable":true,"href":"https:\/\/www.fumssar.com.br\/index.php?rest_route=%2Fwp%2Fv2%2Ftags&post=15772"}],"curies":[{"name":"wp","href":"https:\/\/api.w.org\/{rel}","templated":true}]}}