{"id":15769,"date":"2020-11-20T14:50:23","date_gmt":"2020-11-20T17:50:23","guid":{"rendered":"http:\/\/www.fumssar.com.br\/?p=15769"},"modified":"2020-11-20T14:50:25","modified_gmt":"2020-11-20T17:50:25","slug":"dispensa-de-licitacao-38-2020","status":"publish","type":"post","link":"https:\/\/www.fumssar.com.br\/?p=15769","title":{"rendered":"Dispensa de Licita\u00e7\u00e3o 38\/2020"},"content":{"rendered":"\n<p>\n<strong>CONTRATANTE:\n<\/strong>Funda\u00e7\u00e3o\nMunicipal de Sa\u00fade de Santa Rosa \u2013 FUMSSAR<\/p>\n\n\n\n<p>\n<strong>OBJETO:\n<\/strong>Contrata\u00e7\u00e3o\nde curso de capacita\u00e7\u00e3o para profissionais que atuar\u00e3o nas\nPraticas Integrativas e Complementares &#8211; PICS da FUMSSAR.<\/p>\n\n\n\n<p>\n<strong>PROCESSO\nADMINISTRATIVO N.\u00ba<\/strong>:\n1794\/2020 de 08\/07\/2020.<\/p>\n\n\n\n<p>\n<strong>CONTRATADOS<\/strong><strong>:<\/strong>\n\n<\/p>\n\n\n\n<table class=\"wp-block-table\"><tbody><tr><td>\n\t\t\t<strong>EMPRESA<\/strong>\n\t\t<\/td><td>\n\t\t\t<strong>CNPJ<\/strong>\n\t\t<\/td><td>\n\t\t\t<strong>VALOR\n\t\t\t<\/strong><strong>R$<\/strong>\n\t\t<\/td><\/tr><tr><td>\n\t\t\tHEALING\n\t\t\tTERAPIA NATURAL LTDA\n\t\t<\/td><td>\n\t\t\t04.016.365\/0001-65\n\t\t<\/td><td>\n\t\t\t394,00\n\t\t<\/td><\/tr><tr><td>\n\t\t\tATMAM\n\t\t\tESPACO VIVENCIAL CURSOS E EVENTOS LTDA\n\t\t<\/td><td>\n\t\t\t28.482.548\/0001-34\n\t\t<\/td><td>\n\t\t\t490,00\n\t\t<\/td><\/tr><tr><td>\n\t\t\tRAISSA\n\t\t\tSCHADECK\n\t\t<\/td><td>\n\t\t\t37.035.975\/0001-65\n\t\t<\/td><td>\n\t\t\t1.800,00\n\t\t<\/td><\/tr><tr><td>\n\t\t\tATMAM\n\t\t\tESPACO VIVENCIAL\n\t\t<\/td><td>\n\t\t\t02.759.326\/0001-22\n\t\t<\/td><td>\n\t\t\t630,00\n\t\t<\/td><\/tr><tr><td>\n\t\t\tSOCIEDADE\n\t\t\tDE ENSINO SUPERIOR ESTACIO DE SA LTDA\n\t\t<\/td><td>\n\t\t\t34.075.739\/0001-84\n\t\t<\/td><td>\n\t\t\t131,90\n\t\t<\/td><\/tr><tr><td>\n\t\t\tINSTITUTO\n\t\t\tRS DE EDUCACAO EAD LTDA\n\t\t<\/td><td>\n\t\t\t25.996.094\/0001-21\n\t\t<\/td><td>\n\t\t\t297,50\n\t\t<\/td><\/tr><tr><td>\n\t\t\t<br>\n\n\t\t\t\n\t\t<\/td><td>\n\t\t\t3.742,90\n\t\t<\/td><\/tr><\/tbody><\/table>\n\n\n\n<p>\n<strong>FUNDAMENTO\nLEGAL: <\/strong>Com\nbase no art. 24, inc. II,\nda Lei Federal n.\u00ba 8.666\/93 e suas altera\u00e7\u00f5es.<\/p>\n\n\n\n<p>\nSanta\nRosa, 19\nde Novembro\nde 2020.<\/p>\n\n\n\n<table class=\"wp-block-table aligncenter\"><tbody><tr><td> ______________________________<br> Rog\u00e9rio Silva dos Santos <br>Diretor de Gest\u00e3o Administrativa <\/td><td>\n\t\t\t\t<br>\n\n\t\t\t\t\n\t\t\t<\/td><\/tr><\/tbody><\/table>\n","protected":false},"excerpt":{"rendered":"<p>CONTRATANTE: Funda\u00e7\u00e3o Municipal de Sa\u00fade de Santa Rosa \u2013 FUMSSAR OBJETO: Contrata\u00e7\u00e3o de curso de&#8230;<\/p>\n","protected":false},"author":7,"featured_media":0,"comment_status":"open","ping_status":"open","sticky":false,"template":"","format":"standard","meta":{"footnotes":""},"categories":[142],"tags":[],"_links":{"self":[{"href":"https:\/\/www.fumssar.com.br\/index.php?rest_route=\/wp\/v2\/posts\/15769"}],"collection":[{"href":"https:\/\/www.fumssar.com.br\/index.php?rest_route=\/wp\/v2\/posts"}],"about":[{"href":"https:\/\/www.fumssar.com.br\/index.php?rest_route=\/wp\/v2\/types\/post"}],"author":[{"embeddable":true,"href":"https:\/\/www.fumssar.com.br\/index.php?rest_route=\/wp\/v2\/users\/7"}],"replies":[{"embeddable":true,"href":"https:\/\/www.fumssar.com.br\/index.php?rest_route=%2Fwp%2Fv2%2Fcomments&post=15769"}],"version-history":[{"count":1,"href":"https:\/\/www.fumssar.com.br\/index.php?rest_route=\/wp\/v2\/posts\/15769\/revisions"}],"predecessor-version":[{"id":15770,"href":"https:\/\/www.fumssar.com.br\/index.php?rest_route=\/wp\/v2\/posts\/15769\/revisions\/15770"}],"wp:attachment":[{"href":"https:\/\/www.fumssar.com.br\/index.php?rest_route=%2Fwp%2Fv2%2Fmedia&parent=15769"}],"wp:term":[{"taxonomy":"category","embeddable":true,"href":"https:\/\/www.fumssar.com.br\/index.php?rest_route=%2Fwp%2Fv2%2Fcategories&post=15769"},{"taxonomy":"post_tag","embeddable":true,"href":"https:\/\/www.fumssar.com.br\/index.php?rest_route=%2Fwp%2Fv2%2Ftags&post=15769"}],"curies":[{"name":"wp","href":"https:\/\/api.w.org\/{rel}","templated":true}]}}