{"id":15735,"date":"2020-11-12T15:17:50","date_gmt":"2020-11-12T18:17:50","guid":{"rendered":"http:\/\/www.fumssar.com.br\/?p=15735"},"modified":"2024-10-07T16:34:40","modified_gmt":"2024-10-07T19:34:40","slug":"dona-ledi-depois-de-mais-de-50-dias-internada-o-programa-vida-pos-covid-tem-me-ajudado-muito","status":"publish","type":"post","link":"https:\/\/www.fumssar.com.br\/?p=15735","title":{"rendered":"Dona Ledi:  \u201cDepois de mais de 50 dias internada, o programa Vida P\u00f3s Covid tem me ajudado muito\u201d"},"content":{"rendered":"\n<p><strong>Programa criado para auxiliar pessoas na recupera\u00e7\u00e3o, tem trazido bons resultados \u00e0 pacientes<\/strong><\/p>\n\n\n\n<p>Desde mar\u00e7o, quando come\u00e7ou a Pandemia do Coronav\u00edrus, tudo\nmudou. De l\u00e1 para c\u00e1, foi preciso entender a doen\u00e7a, pouco conhecida por todos,\nat\u00e9 mesmo pelos profissionais da sa\u00fade e aos poucos, aprendendo a lutar contra\nela. E em Santa Rosa, a Gest\u00e3o Municipal, atrav\u00e9s da Funda\u00e7\u00e3o Municipal da\nSa\u00fade, rapidamente se estruturaram no combate a doen\u00e7a, criando diversas a\u00e7\u00f5es\nque v\u00e3o muito al\u00e9m do simples fato de atender pessoas com casos de Covid-19.<\/p>\n\n\n\n<p>Atrav\u00e9s da Rede Complementar da FUMSSAR, foi criado um\nprojeto pioneiro capaz de pensar no p\u00f3s doen\u00e7a, oferecendo uma estrutura ampla que\ncontempla m\u00e9dico, enfermeiro, t\u00e9cnico de enfermagem, fisioterapeuta, psic\u00f3logo,\nfonoaudi\u00f3logo, assistente social e nutricionista. Janu\u00e1rio Vargas, Diretor da\nRede Complementar, explica que o \u2018Vida Ap\u00f3s o Covid\u2019, foi pensado para todas aquelas\npessoas que tiveram contato com a doen\u00e7a de uma ou outra forma, seja contraindo\na doen\u00e7a, ou perdendo um ente querido. &nbsp;\u201cTrata-se\nde uma doen\u00e7a at\u00edpica, nova para o mundo e precisamos dar orienta\u00e7\u00e3o de como\nproceder ap\u00f3s sair do hospital, sem falar ainda no preconceito que existe com\nquem j\u00e1 teve Covid\u201d, destaca Janu\u00e1rio. <\/p>\n\n\n\n<p>Por isso, o Vida Ap\u00f3s o Covid da FUMSSAR d\u00e1 todo tipo de\nassist\u00eancia atrav\u00e9s de pessoas treinadas. E quem aprovou o programa \u00e9 a Dona\nLedi Massaia Martins, de 69 anos. A hist\u00f3ria dela, \u00e9 o maior exemplo de\nsupera\u00e7\u00e3o e aprendizado. Diagnosticada com Covid em 13 de julho, ela internou\nno Hospital Especializado em Covid e Doen\u00e7as Respirat\u00f3rias (Dom Bosco), em 21\nde julho. Com algumas comorbidades como diabetes, problemas na tire\u00f3ide e\nreumatismo no sangue, seu quadro se complicou e ficou 42 dias na UTI, mais 11\ndias de interna\u00e7\u00e3o em leito cl\u00ednico, literalmente lutando contra a morte. A\nalta se deu ap\u00f3s longos e exaustivos dias e aconteceu apenas em 12 de setembro,\ndata em que ele vai passar a comemorar seu 2\u00ba anivers\u00e1rio. <\/p>\n\n\n\n<p>O resultado desta interna\u00e7\u00e3o foi que ela precisou come\u00e7ar\nsua vida do zero, inclusive a aprender a caminhar e falar de novo, sem falar no\ncuidado com medicamentos e procedimentos de enfermagem que precisavam ser feitos.\nFoi a\u00ed que o P\u00f3s Covid entrou em sua vida. &nbsp;\u201cNasci de novo, com&nbsp; a gra\u00e7a de Deus e o bom atendimento que a\nnossa sa\u00fade em Santa Rosa tem. Muito bom. Eu lutei contra a morte. Hoje sou\nmuito feliz. Pude voltar para casa, ver minha fam\u00edlia. Temos uma sa\u00fade em Santa\nRosa de 1\u00ba mundo, foi formada uma equipe no Dom Bosco que luta pelo paciente,\nque tem amor pelo que faz, por isso sobrevivi. Quero aproveitar a segunda\nchance que tive e j\u00e1 sei o que vou fazer na vida daqui para frente\u201d, disse Ledi.<\/p>\n\n\n\n<p>Segundo ela, o que passou de ruim j\u00e1 esqueceu e agora \u00e9 vida\nque segue. \u201cS\u00f3 n\u00e3o vou me esquecer do bom atendimento que eu tive. Estou\nreaprendendo tudo, a caminhar, falar, comer, tudo do zero. Se n\u00e3o fosse este\natendimento P\u00f3s Covid eu ainda estaria na cama deitada, sem os movimentos que\nperdi todos por ficar tanto tempo na UTI. Um bom atendimento \u00e9 meio caminho\nandado. &nbsp;Al\u00e9m disso, esta quest\u00e3o de suporte\nque estamos tendo depois da alta hospitalar, \u00e9 essencial. Eles nos trazem os\nmateriais, medicamentos, d\u00e3o as orienta\u00e7\u00f5es de como agir, isso faz muita\ndiferen\u00e7a\u201d, declara.<\/p>\n\n\n\n<p>Para a filha Indiara Liensefeld, que veio do Mato Grosso\npara acompanhar a recupera\u00e7\u00e3o da m\u00e3e, o acompanhamento do enfermeiro,\nfisioterapeuta e m\u00e9dicos em casa, foi muito importante para dar um norte e\nsaber como agir frente ao tratamento de Ledi. \u201cN\u00e3o sab\u00edamos como agir diante\ndesta situa\u00e7\u00e3o e eles nos d\u00e3o orienta\u00e7\u00e3o di\u00e1ria. Assim podemos ajudar na\nmelhora dela. Isso tem ajudado muito, o processo de recupera\u00e7\u00e3o dela foi um\nsucesso gra\u00e7as a isso\u201d, comentou. &nbsp;<\/p>\n\n\n\n<p>A nora Cristiane Moura, que tamb\u00e9m tem se dedicado\nexclusivamente na recupera\u00e7\u00e3o da sogra,&nbsp;\nconta que quando Ledi deu alta, n\u00e3o sabiam como lidar com ela. \u201cNum\nprimeiro momento, est\u00e1vamos perdidos. Eu recebi minha sogra no hospital depois\nde sair da UTI praticamente morta. S\u00f3 batia o cora\u00e7\u00e3o. Ela come\u00e7ou do zero.\nT\u00ednhamos que saber como lidar com toda esta situa\u00e7\u00e3o. Ela tinha uma les\u00e3o muito\ngrande causada por press\u00e3o, em virtude de ficar muito tempo deitada e que\nexigia muito cuidado.&nbsp; Somos leigos, mas\ncada dia a equipe estando lado a lado, passando tranquilidade e seguran\u00e7a,\nfazendo toda diferen\u00e7a\u201d, frisou.<\/p>\n\n\n\n<p>E quem acompanhou a situa\u00e7\u00e3o de Dona Ledi no leito de UTI,\nver ela sentada e feliz em sua casa, \u00e9 motivo de orgulho. O T\u00e9cnico de\nEnfermagem Gilnei da Silveira, atua na Unidade de Tratamento Intensivo \u00e0 noite\nno Dom Bosco, por isso, por muitas vezes acompanhou Ledi nos per\u00edodos mais\ncr\u00edticos dela e agora, a acompanha no programa A Vida Ap\u00f3s Covid, indo at\u00e9 sua\ncasa fazer a aferi\u00e7\u00e3o da press\u00e3o arterial e na troca de curativos. \u201cOlhar para\nela agora, firme e forte, \u00e9 emocionante.&nbsp;\nNo dia a dia, ver ela melhorar e evoluir \u00e9 muito gratificante. &nbsp;O caso dela serve de exemplo\u201d, disse Gilnei.<\/p>\n\n\n\n<p>Se ver ela bem j\u00e1 \u00e9 emocionante, imagina ver os primeiros\npassos de Ledi, ainda lentos, mas firmes. Fernanda de Moura Mittelstadt,\nFisioterapeuta do Vida Ap\u00f3s Covid, relata que \u00e9 muito gratificante poder ajudar\nesses pacientes que sofrem muito com as sequelas motoras e respirat\u00f3rias\ncausadas pelo Coronav\u00edrus. \u201cNa avalia\u00e7\u00e3o, ouvimos as queixas dos pacientes, que\nnormalmente s\u00e3o fraqueza muscular, falta de ar a pequenos esfor\u00e7os e dor, a\npartir disso tra\u00e7amos os objetivos e o tempo do tratamento, que varia a cada\npaciente. \u00c9 realizada uma reabilita\u00e7\u00e3o global, que envolve o treinamento de\natividades simples como sentar e levantar, caminhar e treino respirat\u00f3rio, at\u00e9\nque consigam retornar a qualidade de vida que tinham anteriormente\u201d. A\nfisioterapeuta relata que com o acompanhamento di\u00e1rio proporcionado pelo\nprograma, \u00e9 poss\u00edvel perceber rapidamente qualquer piora cl\u00ednica e realizar em\ncurto espa\u00e7o de tempo, o suporte e o tratamento adequado.<\/p>\n\n\n\n<p>O Presidente da FUMSSAR, D\u00e9lcio Stefan, diz que o Vida Ap\u00f3s o Covid \u00e9 essencial nos casos de pessoas que precisam deste tipo de reabilita\u00e7\u00e3o f\u00edsica e tamb\u00e9m psicol\u00f3gica e que este exemplo implantado em Santa Rosa, serve de exemplo para muitos outros munic\u00edpios. \u201cA FUMSSAR cuida da sa\u00fade das pessoas e tem servidores qualificados para o enfrentamento ao Covid-19\u201d, concluiu. <\/p>\n\n\n\n<figure class=\"wp-block-image\"><img loading=\"lazy\" decoding=\"async\" width=\"1024\" height=\"680\" src=\"http:\/\/www.fumssar.com.br\/wp-content\/uploads\/2020\/11\/DSC0022-1024x680.jpg\" alt=\"\" class=\"wp-image-15741\" srcset=\"https:\/\/www.fumssar.com.br\/wp-content\/uploads\/2020\/11\/DSC0022-1024x680.jpg 1024w, https:\/\/www.fumssar.com.br\/wp-content\/uploads\/2020\/11\/DSC0022-300x199.jpg 300w, https:\/\/www.fumssar.com.br\/wp-content\/uploads\/2020\/11\/DSC0022-768x510.jpg 768w, https:\/\/www.fumssar.com.br\/wp-content\/uploads\/2020\/11\/DSC0022-1536x1020.jpg 1536w\" sizes=\"(max-width: 1024px) 100vw, 1024px\" \/><figcaption>Ledi feliz com os resultados do programa: &#8220;Se n\u00e3o fosse o Vida Ap\u00f3s Covid, ainda estaria na cama, deitada, sem movimentos&#8221;<br><br><\/figcaption><\/figure>\n\n\n\n<figure class=\"wp-block-image\"><img loading=\"lazy\" decoding=\"async\" width=\"1024\" height=\"680\" src=\"http:\/\/www.fumssar.com.br\/wp-content\/uploads\/2020\/11\/DSC0015-1024x680.jpg\" alt=\"\" class=\"wp-image-15739\" srcset=\"https:\/\/www.fumssar.com.br\/wp-content\/uploads\/2020\/11\/DSC0015-1024x680.jpg 1024w, https:\/\/www.fumssar.com.br\/wp-content\/uploads\/2020\/11\/DSC0015-300x199.jpg 300w, https:\/\/www.fumssar.com.br\/wp-content\/uploads\/2020\/11\/DSC0015-768x510.jpg 768w, https:\/\/www.fumssar.com.br\/wp-content\/uploads\/2020\/11\/DSC0015-1536x1020.jpg 1536w\" sizes=\"(max-width: 1024px) 100vw, 1024px\" \/><figcaption>Trabalho com a Fisioterapeuta, para recuperar os movimentos<\/figcaption><\/figure>\n\n\n\n<figure class=\"wp-block-image\"><img loading=\"lazy\" decoding=\"async\" width=\"1024\" height=\"680\" src=\"http:\/\/www.fumssar.com.br\/wp-content\/uploads\/2020\/11\/DSC0021-1024x680.jpg\" alt=\"\" class=\"wp-image-15740\" srcset=\"https:\/\/www.fumssar.com.br\/wp-content\/uploads\/2020\/11\/DSC0021-1024x680.jpg 1024w, https:\/\/www.fumssar.com.br\/wp-content\/uploads\/2020\/11\/DSC0021-300x199.jpg 300w, https:\/\/www.fumssar.com.br\/wp-content\/uploads\/2020\/11\/DSC0021-768x510.jpg 768w, https:\/\/www.fumssar.com.br\/wp-content\/uploads\/2020\/11\/DSC0021-1536x1020.jpg 1536w\" sizes=\"(max-width: 1024px) 100vw, 1024px\" \/><figcaption>T\u00e9cnico de Enfermagem Gilnei faz a aferi\u00e7\u00e3o da press\u00e3o arterial e cuida dos curativos<\/figcaption><\/figure>\n\n\n\n<figure class=\"wp-block-image\"><img loading=\"lazy\" decoding=\"async\" width=\"1024\" height=\"680\" src=\"http:\/\/www.fumssar.com.br\/wp-content\/uploads\/2020\/11\/DSC0027-1024x680.jpg\" alt=\"\" class=\"wp-image-15743\" srcset=\"https:\/\/www.fumssar.com.br\/wp-content\/uploads\/2020\/11\/DSC0027-1024x680.jpg 1024w, https:\/\/www.fumssar.com.br\/wp-content\/uploads\/2020\/11\/DSC0027-300x199.jpg 300w, https:\/\/www.fumssar.com.br\/wp-content\/uploads\/2020\/11\/DSC0027-768x510.jpg 768w, https:\/\/www.fumssar.com.br\/wp-content\/uploads\/2020\/11\/DSC0027-1536x1020.jpg 1536w\" sizes=\"(max-width: 1024px) 100vw, 1024px\" \/><figcaption>Fisioterapeuta Fernanda, Diretor da FUMSSAR que idealizou o programa, Janu\u00e1rio Vargas e o t\u00e9cnico em enfermagem, Gilnei, com Dona Ledi<\/figcaption><\/figure>\n","protected":false},"excerpt":{"rendered":"<p>Programa criado para auxiliar pessoas na recupera\u00e7\u00e3o, tem trazido bons resultados \u00e0 pacientes Desde mar\u00e7o,&#8230;<\/p>\n","protected":false},"author":31,"featured_media":15736,"comment_status":"open","ping_status":"open","sticky":false,"template":"","format":"standard","meta":{"footnotes":""},"categories":[2],"tags":[],"_links":{"self":[{"href":"https:\/\/www.fumssar.com.br\/index.php?rest_route=\/wp\/v2\/posts\/15735"}],"collection":[{"href":"https:\/\/www.fumssar.com.br\/index.php?rest_route=\/wp\/v2\/posts"}],"about":[{"href":"https:\/\/www.fumssar.com.br\/index.php?rest_route=\/wp\/v2\/types\/post"}],"author":[{"embeddable":true,"href":"https:\/\/www.fumssar.com.br\/index.php?rest_route=\/wp\/v2\/users\/31"}],"replies":[{"embeddable":true,"href":"https:\/\/www.fumssar.com.br\/index.php?rest_route=%2Fwp%2Fv2%2Fcomments&post=15735"}],"version-history":[{"count":3,"href":"https:\/\/www.fumssar.com.br\/index.php?rest_route=\/wp\/v2\/posts\/15735\/revisions"}],"predecessor-version":[{"id":15744,"href":"https:\/\/www.fumssar.com.br\/index.php?rest_route=\/wp\/v2\/posts\/15735\/revisions\/15744"}],"wp:featuredmedia":[{"embeddable":true,"href":"https:\/\/www.fumssar.com.br\/index.php?rest_route=\/wp\/v2\/media\/15736"}],"wp:attachment":[{"href":"https:\/\/www.fumssar.com.br\/index.php?rest_route=%2Fwp%2Fv2%2Fmedia&parent=15735"}],"wp:term":[{"taxonomy":"category","embeddable":true,"href":"https:\/\/www.fumssar.com.br\/index.php?rest_route=%2Fwp%2Fv2%2Fcategories&post=15735"},{"taxonomy":"post_tag","embeddable":true,"href":"https:\/\/www.fumssar.com.br\/index.php?rest_route=%2Fwp%2Fv2%2Ftags&post=15735"}],"curies":[{"name":"wp","href":"https:\/\/api.w.org\/{rel}","templated":true}]}}