{"id":15703,"date":"2020-11-04T17:20:23","date_gmt":"2020-11-04T20:20:23","guid":{"rendered":"http:\/\/www.fumssar.com.br\/?p=15703"},"modified":"2024-10-07T16:34:40","modified_gmt":"2024-10-07T19:34:40","slug":"fumssar-trabalha-no-controle-e-monitoramento-para-reduzir-indices-de-internacao-por-covid","status":"publish","type":"post","link":"https:\/\/www.fumssar.com.br\/?p=15703","title":{"rendered":"Fumssar trabalha no controle e monitoramento para reduzir \u00edndices de interna\u00e7\u00e3o por Covid"},"content":{"rendered":"\n<p>Mesmo que nos \u00faltimos dias os casos de Coronav\u00edrus em Santa\nRosa tem aumentando, as estat\u00edsticas que analisam a gravidade dos casos,\nbaseadas em resultados h\u00e1 cada semana, mostram que os \u00edndices de necessidade de\ninterna\u00e7\u00e3o e a taxa de mortalidade est\u00e3o cada vez mais baixos. <\/p>\n\n\n\n<p>Este resultado importante, se deve ao intenso trabalho que a\nequipe da Funda\u00e7\u00e3o Municipal da Sa\u00fade tem feito desde o in\u00edcio da Pandemia,\nainda em mar\u00e7o e que segue at\u00e9 agora, sem perder o foco.&nbsp; Segundo a Diretora de Aten\u00e7\u00e3o Prim\u00e1ria em\nSa\u00fade, Alice Klein H\u00f6rferber, a FUMSSAR continua trabalhando firme na equipe de\nmonitoramento, buscando reduzir cada vez mais a incid\u00eancia de interna\u00e7\u00e3o dos\npacientes. \u201cDesde mar\u00e7o, estamos usando estrat\u00e9gias, ode \u00e9 feito um\nplanejamento muito bem elaborado juntamente com as equipes t\u00e9cnicas para\nalcan\u00e7ar estes resultados.&nbsp; Eles s\u00e3o\nalcan\u00e7ados atrav\u00e9s da identifica\u00e7\u00e3o, isolamento e monitoramento dos pacientes,\nonde as equipes mant\u00e9m contato h\u00e1 cada 24 horas, monitorando sinais e sintomas\ne a qualquer sinal de gravidade, s\u00e3o enviados para avalia\u00e7\u00e3o m\u00e9dica de forma\nimediata tanto nas unidades Sentinela, quanto Unidade Covid. Esse cuidado faz\nparte de um conjunto de a\u00e7\u00f5es, que reduzem o \u00edndice de interna\u00e7\u00e3o\u201d, comenta.<\/p>\n\n\n\n<p>O \u00faltimo boletim semanal completo, baseado no Calend\u00e1rio\nEpidemiol\u00f3gico da Semana 43, mostra que Santa Rosa tem 92% dos pacientes\nrecuperados, enquanto esse n\u00famero h\u00e1 quatro meses atr\u00e1s, ou seja, em julho, era\nde 84,5%.&nbsp; Outro dado interessante, \u00e9 que\napenas 6,6% tiveram necessidade de interna\u00e7\u00e3o, enquanto em julho, esse\npercentual era de 15,5.<\/p>\n\n\n\n<p>\u201cA taxa de mortalidade tamb\u00e9m \u00e9 importante mencionar, j\u00e1 que\nantes era de 4,4% e agora estamos com 1,1%. Dentro do contexto, estes n\u00fameros\nnos mostram um cen\u00e1rio favor\u00e1vel quanto as necessidades de interna\u00e7\u00e3o no\nmunic\u00edpio. N\u00e3o temos tido aumento destes percentuais e sim diminui\u00e7\u00e3o boletim\nap\u00f3s boletim, por\u00e9m n\u00e3o podemos ficar tranquilos porque a nossa taxa da\ndissemina\u00e7\u00e3o da doen\u00e7a ainda est\u00e1 alta, conforme mostra o boletim di\u00e1rio, que\ntem novos casos a cada dia\u201d, frisa Alice.<\/p>\n\n\n\n<p>Mesmo os n\u00fameros sendo favor\u00e1veis, a Diretora destaca que o\ntrabalho de acompanhamento e fiscaliza\u00e7\u00e3o n\u00e3o vai dar tr\u00e9gua, para assegurar\nque estes n\u00fameros caiam anda mais.<\/p>\n","protected":false},"excerpt":{"rendered":"<p>Mesmo que nos \u00faltimos dias os casos de Coronav\u00edrus em Santa Rosa tem aumentando, as&#8230;<\/p>\n","protected":false},"author":31,"featured_media":15704,"comment_status":"open","ping_status":"open","sticky":false,"template":"","format":"standard","meta":{"footnotes":""},"categories":[2],"tags":[],"_links":{"self":[{"href":"https:\/\/www.fumssar.com.br\/index.php?rest_route=\/wp\/v2\/posts\/15703"}],"collection":[{"href":"https:\/\/www.fumssar.com.br\/index.php?rest_route=\/wp\/v2\/posts"}],"about":[{"href":"https:\/\/www.fumssar.com.br\/index.php?rest_route=\/wp\/v2\/types\/post"}],"author":[{"embeddable":true,"href":"https:\/\/www.fumssar.com.br\/index.php?rest_route=\/wp\/v2\/users\/31"}],"replies":[{"embeddable":true,"href":"https:\/\/www.fumssar.com.br\/index.php?rest_route=%2Fwp%2Fv2%2Fcomments&post=15703"}],"version-history":[{"count":1,"href":"https:\/\/www.fumssar.com.br\/index.php?rest_route=\/wp\/v2\/posts\/15703\/revisions"}],"predecessor-version":[{"id":15705,"href":"https:\/\/www.fumssar.com.br\/index.php?rest_route=\/wp\/v2\/posts\/15703\/revisions\/15705"}],"wp:featuredmedia":[{"embeddable":true,"href":"https:\/\/www.fumssar.com.br\/index.php?rest_route=\/wp\/v2\/media\/15704"}],"wp:attachment":[{"href":"https:\/\/www.fumssar.com.br\/index.php?rest_route=%2Fwp%2Fv2%2Fmedia&parent=15703"}],"wp:term":[{"taxonomy":"category","embeddable":true,"href":"https:\/\/www.fumssar.com.br\/index.php?rest_route=%2Fwp%2Fv2%2Fcategories&post=15703"},{"taxonomy":"post_tag","embeddable":true,"href":"https:\/\/www.fumssar.com.br\/index.php?rest_route=%2Fwp%2Fv2%2Ftags&post=15703"}],"curies":[{"name":"wp","href":"https:\/\/api.w.org\/{rel}","templated":true}]}}