{"id":15700,"date":"2020-11-04T17:08:16","date_gmt":"2020-11-04T20:08:16","guid":{"rendered":"http:\/\/www.fumssar.com.br\/?p=15700"},"modified":"2024-10-07T16:34:40","modified_gmt":"2024-10-07T19:34:40","slug":"mais-de-400-cartas-escritas-a-mao-valorizam-o-trabalho-arduo-de-quem-atua-na-linha-de-frente-ao-covid","status":"publish","type":"post","link":"https:\/\/www.fumssar.com.br\/?p=15700","title":{"rendered":"Mais de 400 cartas escritas \u00e0 m\u00e3o, valorizam o trabalho \u00e1rduo de quem atua na linha de frente ao Covid"},"content":{"rendered":"\n<p>O reconhecimento pelo trabalho prestado sempre \u00e9 bem vindo,\nmas em tempos de Pandemia, para aqueles que tem trabalhado direto na linha de\nfrente, arriscando suas pr\u00f3prias vidas, isso vai al\u00e9m de reconhecimento e serve\ntamb\u00e9m de est\u00edmulo. <\/p>\n\n\n\n<p>No dia 21 de outubro, um gesto nobre de um grupo de\nmulheres, que envolve v\u00edtimas do Covid atendidas pelo Monitoramento da Funda\u00e7\u00e3o\nMunicipal da Sa\u00fade e tamb\u00e9m seus familiares,&nbsp;\nsurpreendeu estas pessoas que est\u00e3o desde mar\u00e7o fazendo um \u00e1rduo\ntrabalho contra o Coronav\u00edrus. Foram mais de 400 cartas, escritas \u00e0 m\u00e3o, com\nmensagens de carinho, apoio e agradecimento. &nbsp;As cartas est\u00e3o sendo entregues a todos os\nprofissionais de sa\u00fade que est\u00e3o trabalhando no enfrentamento ao Covid.<\/p>\n\n\n\n<p>Conforme os organizadores deste gesto, a ideia surgiu como\nforma de reconhecimento ao trabalho de qualidade que a FUMSSAR tem feito no\ncombate ao Covid desde o in\u00edcio da Pandemia. \u201cEste gesto reconhece a qualidade da\nsa\u00fade de Santa Rosa \u201d, declarou Alice Klein H\u00ebrferber, Diretora de Gest\u00e3o de\nAten\u00e7\u00e3o Prim\u00e1ria em Sa\u00fade. <\/p>\n\n\n\n<p>\u201cAo ler a carta, senti um enorme bem estar. Fiquei feliz ao\nsaber que as pessoas percebem o trabalho que estamos fazendo, a doa\u00e7\u00e3o que cada\nprofissional da sa\u00fade tem dado neste momento de Pandemia. Essas palavras t\u00e3o\nbelas sobre nosso trabalho, mostra que estamos sendo reconhecidos, nos deixa\nfelizes\u201d, relatou a Coordenadora da UBS Centro, Jacinta In\u00eas Lundin. <\/p>\n\n\n\n<p>D\u00e9lcio Stefan, Presidente da Funda\u00e7\u00e3o, agradeceu o carinho\nrecebido pela popula\u00e7\u00e3o atrav\u00e9s destas cartas, que mostram o qu\u00e3o vem sendo\nimportante estas a\u00e7\u00f5es de enfrentamento ao Covid em Santa Rosa. <\/p>\n","protected":false},"excerpt":{"rendered":"<p>O reconhecimento pelo trabalho prestado sempre \u00e9 bem vindo, mas em tempos de Pandemia, para&#8230;<\/p>\n","protected":false},"author":31,"featured_media":15701,"comment_status":"open","ping_status":"open","sticky":false,"template":"","format":"standard","meta":{"footnotes":""},"categories":[2],"tags":[],"_links":{"self":[{"href":"https:\/\/www.fumssar.com.br\/index.php?rest_route=\/wp\/v2\/posts\/15700"}],"collection":[{"href":"https:\/\/www.fumssar.com.br\/index.php?rest_route=\/wp\/v2\/posts"}],"about":[{"href":"https:\/\/www.fumssar.com.br\/index.php?rest_route=\/wp\/v2\/types\/post"}],"author":[{"embeddable":true,"href":"https:\/\/www.fumssar.com.br\/index.php?rest_route=\/wp\/v2\/users\/31"}],"replies":[{"embeddable":true,"href":"https:\/\/www.fumssar.com.br\/index.php?rest_route=%2Fwp%2Fv2%2Fcomments&post=15700"}],"version-history":[{"count":1,"href":"https:\/\/www.fumssar.com.br\/index.php?rest_route=\/wp\/v2\/posts\/15700\/revisions"}],"predecessor-version":[{"id":15702,"href":"https:\/\/www.fumssar.com.br\/index.php?rest_route=\/wp\/v2\/posts\/15700\/revisions\/15702"}],"wp:featuredmedia":[{"embeddable":true,"href":"https:\/\/www.fumssar.com.br\/index.php?rest_route=\/wp\/v2\/media\/15701"}],"wp:attachment":[{"href":"https:\/\/www.fumssar.com.br\/index.php?rest_route=%2Fwp%2Fv2%2Fmedia&parent=15700"}],"wp:term":[{"taxonomy":"category","embeddable":true,"href":"https:\/\/www.fumssar.com.br\/index.php?rest_route=%2Fwp%2Fv2%2Fcategories&post=15700"},{"taxonomy":"post_tag","embeddable":true,"href":"https:\/\/www.fumssar.com.br\/index.php?rest_route=%2Fwp%2Fv2%2Ftags&post=15700"}],"curies":[{"name":"wp","href":"https:\/\/api.w.org\/{rel}","templated":true}]}}