{"id":15696,"date":"2020-11-04T17:05:50","date_gmt":"2020-11-04T20:05:50","guid":{"rendered":"http:\/\/www.fumssar.com.br\/?p=15696"},"modified":"2024-10-07T16:34:40","modified_gmt":"2024-10-07T19:34:40","slug":"campanha-da-poliomielite-e-multivacinacao-foi-prorrogada","status":"publish","type":"post","link":"https:\/\/www.fumssar.com.br\/?p=15696","title":{"rendered":"Campanha da Poliomielite e Multivacina\u00e7\u00e3o foi prorrogada"},"content":{"rendered":"\n<p>A Campanha da vacina\u00e7\u00e3o contra a Poliomielite e Multivacina\u00e7\u00e3o,\ndeveria ter sido encerrada em 28 de outubro, mas foi prorrogada at\u00e9 21 de\nnovembro.&nbsp; \u00c9 uma oportunidade de crian\u00e7as\nmenores de 5 anos e crian\u00e7as e adolescentes de at\u00e9 15 anos de idade, que ainda\nn\u00e3o fizeram a vacina, de comparecerem aos postos de Sa\u00fade.<\/p>\n\n\n\n<p>Em Santa Rosa, a Gest\u00e3o Municipal, atrav\u00e9s da Funda\u00e7\u00e3o\nMunicipal da Sa\u00fade, est\u00e1 com todos os postos de sa\u00fade do munic\u00edpio com doses\ndispon\u00edveis e a postos para vacinar quem procurar. Segundo a Enfermeira da\nVigil\u00e2ncia em Sa\u00fade, Katia Kaffka dos Reis, a vacina\u00e7\u00e3o da Poliomielite \u00e9 para\ncrian\u00e7as de at\u00e9 5 anos e a Multivacina\u00e7\u00e3o, \u00e9 para aquelas pessoas de at\u00e9 15\nanos de idade e que est\u00e3o com algum tipo de vacina pendente na carteira de\nvacina\u00e7\u00e3o.<\/p>\n\n\n\n<p>\u201cS\u00e3o duas campanhas sendo realizadas simultaneamente e ambas\nmuito importantes. A da Polio visa manter o pa\u00eds livre da Paralisia Infantil,\nj\u00e1 a da Multivacina\u00e7\u00e3o \u00e9 uma oportunidade para quem est\u00e1 atrasado e com isso,\nvamos ter uma cobertura vacinal elevada para as demais doen\u00e7as, buscando uma homogeneidade\nna cobertura\u201d, destacou a profissional.<\/p>\n\n\n\n<p>No munic\u00edpio, at\u00e9 o momento, 3.178 crian\u00e7as menores de 5\nanos foram vacinadas para a Poliomielite. \u201cPrecisamos aumentar esse n\u00famero, por\nisso estamos mobilizando a popula\u00e7\u00e3o e com todos os postos de sa\u00fade vacinando,\npara garantir uma ampla cobertura contra a Polio\u201d, destacou Alice Klein\nH\u00f6fferber. <\/p>\n","protected":false},"excerpt":{"rendered":"<p>A Campanha da vacina\u00e7\u00e3o contra a Poliomielite e Multivacina\u00e7\u00e3o, deveria ter sido encerrada em 28&#8230;<\/p>\n","protected":false},"author":31,"featured_media":15697,"comment_status":"open","ping_status":"open","sticky":false,"template":"","format":"standard","meta":{"footnotes":""},"categories":[2],"tags":[],"_links":{"self":[{"href":"https:\/\/www.fumssar.com.br\/index.php?rest_route=\/wp\/v2\/posts\/15696"}],"collection":[{"href":"https:\/\/www.fumssar.com.br\/index.php?rest_route=\/wp\/v2\/posts"}],"about":[{"href":"https:\/\/www.fumssar.com.br\/index.php?rest_route=\/wp\/v2\/types\/post"}],"author":[{"embeddable":true,"href":"https:\/\/www.fumssar.com.br\/index.php?rest_route=\/wp\/v2\/users\/31"}],"replies":[{"embeddable":true,"href":"https:\/\/www.fumssar.com.br\/index.php?rest_route=%2Fwp%2Fv2%2Fcomments&post=15696"}],"version-history":[{"count":1,"href":"https:\/\/www.fumssar.com.br\/index.php?rest_route=\/wp\/v2\/posts\/15696\/revisions"}],"predecessor-version":[{"id":15698,"href":"https:\/\/www.fumssar.com.br\/index.php?rest_route=\/wp\/v2\/posts\/15696\/revisions\/15698"}],"wp:featuredmedia":[{"embeddable":true,"href":"https:\/\/www.fumssar.com.br\/index.php?rest_route=\/wp\/v2\/media\/15697"}],"wp:attachment":[{"href":"https:\/\/www.fumssar.com.br\/index.php?rest_route=%2Fwp%2Fv2%2Fmedia&parent=15696"}],"wp:term":[{"taxonomy":"category","embeddable":true,"href":"https:\/\/www.fumssar.com.br\/index.php?rest_route=%2Fwp%2Fv2%2Fcategories&post=15696"},{"taxonomy":"post_tag","embeddable":true,"href":"https:\/\/www.fumssar.com.br\/index.php?rest_route=%2Fwp%2Fv2%2Ftags&post=15696"}],"curies":[{"name":"wp","href":"https:\/\/api.w.org\/{rel}","templated":true}]}}