{"id":15152,"date":"2020-08-08T05:00:03","date_gmt":"2020-08-08T08:00:03","guid":{"rendered":"http:\/\/www.fumssar.com.br\/?p=15152"},"modified":"2020-08-07T17:18:04","modified_gmt":"2020-08-07T20:18:04","slug":"edital-de-selecao-publica-temporaria-005-2020","status":"publish","type":"post","link":"https:\/\/www.fumssar.com.br\/?p=15152","title":{"rendered":"Edital de Sele\u00e7\u00e3o P\u00fablica Tempor\u00e1ria 005\/2020"},"content":{"rendered":"\n<div class=\"wp-block-file\"><a href=\"http:\/\/www.fumssar.com.br\/wp-content\/uploads\/2020\/08\/Edital-de-Abertura-Sele\u00e7\u00e3o-P\u00fablica-Tempor\u00e1ria-05-de-2020.pdf\">Edital-de-Abertura-Sele\u00e7\u00e3o-P\u00fablica-Tempor\u00e1ria-05-de-2020<\/a><a href=\"http:\/\/www.fumssar.com.br\/wp-content\/uploads\/2020\/08\/Edital-de-Abertura-Sele\u00e7\u00e3o-P\u00fablica-Tempor\u00e1ria-05-de-2020.pdf\" class=\"wp-block-file__button\" download>Baixar<\/a><\/div>\n","protected":false},"excerpt":{"rendered":"<p>D\u00c9LCIO STEFAN, PRESIDENTE DA FUNDA\u00c7\u00c3O MUNICIPAL DE SA\u00daDE DE SANTA ROSA, Estado do Rio Grande do Sul, no uso de suas atribui\u00e7\u00f5es legais, torna p\u00fablico a abertura de inscri\u00e7\u00f5es para a realiza\u00e7\u00e3o de Sele\u00e7\u00e3o P\u00fablica Simplificada para contrata\u00e7\u00e3o emergencial tempor\u00e1ria da Funda\u00e7\u00e3o Municipal de Sa\u00fade de Santa Rosa, o qual se reger\u00e1 de acordo com as disposi\u00e7\u00f5es deste Edital e da Legisla\u00e7\u00e3o Municipal Espec\u00edfica.<\/p>\n","protected":false},"author":24,"featured_media":0,"comment_status":"open","ping_status":"open","sticky":false,"template":"","format":"standard","meta":{"footnotes":""},"categories":[1],"tags":[],"_links":{"self":[{"href":"https:\/\/www.fumssar.com.br\/index.php?rest_route=\/wp\/v2\/posts\/15152"}],"collection":[{"href":"https:\/\/www.fumssar.com.br\/index.php?rest_route=\/wp\/v2\/posts"}],"about":[{"href":"https:\/\/www.fumssar.com.br\/index.php?rest_route=\/wp\/v2\/types\/post"}],"author":[{"embeddable":true,"href":"https:\/\/www.fumssar.com.br\/index.php?rest_route=\/wp\/v2\/users\/24"}],"replies":[{"embeddable":true,"href":"https:\/\/www.fumssar.com.br\/index.php?rest_route=%2Fwp%2Fv2%2Fcomments&post=15152"}],"version-history":[{"count":1,"href":"https:\/\/www.fumssar.com.br\/index.php?rest_route=\/wp\/v2\/posts\/15152\/revisions"}],"predecessor-version":[{"id":15154,"href":"https:\/\/www.fumssar.com.br\/index.php?rest_route=\/wp\/v2\/posts\/15152\/revisions\/15154"}],"wp:attachment":[{"href":"https:\/\/www.fumssar.com.br\/index.php?rest_route=%2Fwp%2Fv2%2Fmedia&parent=15152"}],"wp:term":[{"taxonomy":"category","embeddable":true,"href":"https:\/\/www.fumssar.com.br\/index.php?rest_route=%2Fwp%2Fv2%2Fcategories&post=15152"},{"taxonomy":"post_tag","embeddable":true,"href":"https:\/\/www.fumssar.com.br\/index.php?rest_route=%2Fwp%2Fv2%2Ftags&post=15152"}],"curies":[{"name":"wp","href":"https:\/\/api.w.org\/{rel}","templated":true}]}}