{"id":15093,"date":"2020-07-24T14:52:36","date_gmt":"2020-07-24T17:52:36","guid":{"rendered":"http:\/\/www.fumssar.com.br\/?p=15093"},"modified":"2020-07-24T14:52:38","modified_gmt":"2020-07-24T17:52:38","slug":"inexigibilidade-04-2020","status":"publish","type":"post","link":"https:\/\/www.fumssar.com.br\/?p=15093","title":{"rendered":"Inexigibilidade 04\/2020"},"content":{"rendered":"\n<p>\n<strong>EDITAL\nN\u00ba 0<\/strong><strong>4<\/strong><strong>\/20<\/strong><strong>20<\/strong><\/p>\n\n\n\n<p>\n<strong>INEXIGIBILIDADE\nDE LICITA\u00c7\u00c3O<\/strong><\/p>\n\n\n\n<p>\n<strong>CONTRATANTE:\n<\/strong>Funda\u00e7\u00e3o\nMunicipal de Sa\u00fade de Santa Rosa \u2013 FUMSSAR<\/p>\n\n\n\n<p>\n<strong>CONTRATADO:\n<\/strong><strong>LANGAGE\nEDITORA, LIVRARIA E ATIVIDADES EDUCACIONAIS EIRELI<\/strong><\/p>\n\n\n\n<p>\n<strong>CNPJ:\n<\/strong>26.569.030\/0001-07<\/p>\n\n\n\n<p>\n<strong>PROCESSO\nADMINISTRATIVO N.\u00ba:<\/strong>1952\/2020\nde 24\/07\/2020<\/p>\n\n\n\n<p>\n<strong>OBJETO:\n<\/strong>Participa\u00e7\u00e3o\nno VI Congresso Internacional Transdisciplinar sobre a Crian\u00e7a e o\nAdolescente<\/p>\n\n\n\n<p>\n<strong>VALOR:\n<\/strong>R$620,00\n(Quatro\nmil e\nvinte\nreais). \n<\/p>\n\n\n\n<p>\n<strong>FUNDAMENTO\nLEGAL: <\/strong>Com\nbase no art. 25, caput, da Lei Federal n.\u00ba 8.666\/93 e suas\naltera\u00e7\u00f5es.<\/p>\n\n\n\n<p>\nSanta\nRosa, 24\nde Julho\nde 2020.<\/p>\n\n\n\n<table class=\"wp-block-table\"><tbody><tr><td> ______________________________ <br>Delcio Stefan <br>Presidente da Fumssar <\/td><td>\n\t\t\t\t<br>\n\n\t\t\t\t\n\t\t\t<\/td><\/tr><\/tbody><\/table>\n","protected":false},"excerpt":{"rendered":"<p>EDITAL N\u00ba 04\/2020 INEXIGIBILIDADE DE LICITA\u00c7\u00c3O CONTRATANTE: Funda\u00e7\u00e3o Municipal de Sa\u00fade de Santa Rosa \u2013&#8230;<\/p>\n","protected":false},"author":7,"featured_media":0,"comment_status":"open","ping_status":"open","sticky":false,"template":"","format":"standard","meta":{"footnotes":""},"categories":[143],"tags":[],"_links":{"self":[{"href":"https:\/\/www.fumssar.com.br\/index.php?rest_route=\/wp\/v2\/posts\/15093"}],"collection":[{"href":"https:\/\/www.fumssar.com.br\/index.php?rest_route=\/wp\/v2\/posts"}],"about":[{"href":"https:\/\/www.fumssar.com.br\/index.php?rest_route=\/wp\/v2\/types\/post"}],"author":[{"embeddable":true,"href":"https:\/\/www.fumssar.com.br\/index.php?rest_route=\/wp\/v2\/users\/7"}],"replies":[{"embeddable":true,"href":"https:\/\/www.fumssar.com.br\/index.php?rest_route=%2Fwp%2Fv2%2Fcomments&post=15093"}],"version-history":[{"count":1,"href":"https:\/\/www.fumssar.com.br\/index.php?rest_route=\/wp\/v2\/posts\/15093\/revisions"}],"predecessor-version":[{"id":15094,"href":"https:\/\/www.fumssar.com.br\/index.php?rest_route=\/wp\/v2\/posts\/15093\/revisions\/15094"}],"wp:attachment":[{"href":"https:\/\/www.fumssar.com.br\/index.php?rest_route=%2Fwp%2Fv2%2Fmedia&parent=15093"}],"wp:term":[{"taxonomy":"category","embeddable":true,"href":"https:\/\/www.fumssar.com.br\/index.php?rest_route=%2Fwp%2Fv2%2Fcategories&post=15093"},{"taxonomy":"post_tag","embeddable":true,"href":"https:\/\/www.fumssar.com.br\/index.php?rest_route=%2Fwp%2Fv2%2Ftags&post=15093"}],"curies":[{"name":"wp","href":"https:\/\/api.w.org\/{rel}","templated":true}]}}