{"id":15054,"date":"2020-07-21T15:37:31","date_gmt":"2020-07-21T18:37:31","guid":{"rendered":"http:\/\/www.fumssar.com.br\/?p=15054"},"modified":"2020-07-21T15:37:34","modified_gmt":"2020-07-21T18:37:34","slug":"dispensa-de-licitacao-28-2020","status":"publish","type":"post","link":"https:\/\/www.fumssar.com.br\/?p=15054","title":{"rendered":"Dispensa de Licita\u00e7\u00e3o 28\/2020"},"content":{"rendered":"\n<p>\n<strong>EDITAL N\u00ba 28\/2020<\/strong><\/p>\n\n\n\n<p>\n<strong>DISPENSA DE LICITA\u00c7\u00c3O<\/strong><\/p>\n\n\n\n<p>\n<strong>CONTRATANTE: <\/strong>Funda\u00e7\u00e3o\nMunicipal de Sa\u00fade de Santa Rosa \u2013 FUMSSAR<\/p>\n\n\n\n<p>\n<strong>OBJETO: <\/strong>Aquisi\u00e7\u00e3o\nde adesivo e cartaz para campanha de conscientiza\u00e7\u00e3o do uso de\nm\u00e1scara. \n<\/p>\n\n\n\n<p>\n<strong>PROCESSO ADMINISTRATIVO N.\u00ba<\/strong>:\n1839\/2020 de 14\/07\/2020<\/p>\n\n\n\n<p>\n<strong>CONTRATADO<\/strong><strong>:<\/strong>\nGrafica e Editora Santa Rosa Ltda<\/p>\n\n\n\n<p>\n<strong>CNPJ:<\/strong>\n73.253.999\/0001-54<\/p>\n\n\n\n<p>\n<strong>VALOR: <\/strong>R$\n255,00 (Duzentos e cinquenta e cinco reais). \n<\/p>\n\n\n\n<p>\n<strong>CONTRATADO<\/strong><strong>:<\/strong>\nColi Gr\u00e1fica e Editora Ltda<\/p>\n\n\n\n<p>\n<strong>CNPJ:<\/strong>\n90.921.263\/0001-26<\/p>\n\n\n\n<p>\n<strong>VALOR: <\/strong>R$\n560,00 (Quinhentos e sessenta reais). \n<\/p>\n\n\n\n<p>\n<strong>CONTRATADO<\/strong><strong>:<\/strong>\nTaura Gr\u00e1fica e Serigrafia Ltda<\/p>\n\n\n\n<p>\n<strong>CNPJ:<\/strong>\n10.788.287\/0001-10<\/p>\n\n\n\n<p>\n<strong>VALOR: <\/strong>R$\n1.530,00 (Um mil quinhentos e trinta reais). \n<\/p>\n\n\n\n<p>\n<strong>FUNDAMENTO LEGAL: <\/strong>Com\nbase no art. 4\u00ba da Lei Federal n\u00ba 13.979\/2020.<\/p>\n\n\n\n<p>\nSanta Rosa, 21 de Julho de 2020.<\/p>\n\n\n\n<table class=\"wp-block-table aligncenter\"><tbody><tr><td> ______________________________ <br>Delcio Stefan <br>Presidente Fumssar <\/td><td>\n\t\t\t\t<br>\n\n\t\t\t\t\n\t\t\t<\/td><\/tr><\/tbody><\/table>\n","protected":false},"excerpt":{"rendered":"<p>EDITAL N\u00ba 28\/2020 DISPENSA DE LICITA\u00c7\u00c3O CONTRATANTE: Funda\u00e7\u00e3o Municipal de Sa\u00fade de Santa Rosa \u2013&#8230;<\/p>\n","protected":false},"author":7,"featured_media":0,"comment_status":"open","ping_status":"open","sticky":false,"template":"","format":"standard","meta":{"footnotes":""},"categories":[142],"tags":[],"_links":{"self":[{"href":"https:\/\/www.fumssar.com.br\/index.php?rest_route=\/wp\/v2\/posts\/15054"}],"collection":[{"href":"https:\/\/www.fumssar.com.br\/index.php?rest_route=\/wp\/v2\/posts"}],"about":[{"href":"https:\/\/www.fumssar.com.br\/index.php?rest_route=\/wp\/v2\/types\/post"}],"author":[{"embeddable":true,"href":"https:\/\/www.fumssar.com.br\/index.php?rest_route=\/wp\/v2\/users\/7"}],"replies":[{"embeddable":true,"href":"https:\/\/www.fumssar.com.br\/index.php?rest_route=%2Fwp%2Fv2%2Fcomments&post=15054"}],"version-history":[{"count":1,"href":"https:\/\/www.fumssar.com.br\/index.php?rest_route=\/wp\/v2\/posts\/15054\/revisions"}],"predecessor-version":[{"id":15055,"href":"https:\/\/www.fumssar.com.br\/index.php?rest_route=\/wp\/v2\/posts\/15054\/revisions\/15055"}],"wp:attachment":[{"href":"https:\/\/www.fumssar.com.br\/index.php?rest_route=%2Fwp%2Fv2%2Fmedia&parent=15054"}],"wp:term":[{"taxonomy":"category","embeddable":true,"href":"https:\/\/www.fumssar.com.br\/index.php?rest_route=%2Fwp%2Fv2%2Fcategories&post=15054"},{"taxonomy":"post_tag","embeddable":true,"href":"https:\/\/www.fumssar.com.br\/index.php?rest_route=%2Fwp%2Fv2%2Ftags&post=15054"}],"curies":[{"name":"wp","href":"https:\/\/api.w.org\/{rel}","templated":true}]}}