{"id":14920,"date":"2020-06-30T09:04:28","date_gmt":"2020-06-30T12:04:28","guid":{"rendered":"http:\/\/www.fumssar.com.br\/?p=14920"},"modified":"2020-06-30T09:04:30","modified_gmt":"2020-06-30T12:04:30","slug":"dispensa-de-licitacao-26-2020","status":"publish","type":"post","link":"https:\/\/www.fumssar.com.br\/?p=14920","title":{"rendered":"Dispensa de Licita\u00e7\u00e3o 26\/2020"},"content":{"rendered":"\n<p>\n<strong>EDITAL\nN\u00ba 26\/2020<\/strong><\/p>\n\n\n\n<p>\n<strong>DISPENSA\nDE LICITA\u00c7\u00c3O<\/strong><\/p>\n\n\n\n<p>\n<strong>CONTRATANTE:\n<\/strong>Funda\u00e7\u00e3o\nMunicipal de Sa\u00fade de Santa Rosa \u2013 FUMSSAR<\/p>\n\n\n\n<p>\n<strong>OBJETO:\n<\/strong>Aquisi\u00e7\u00e3o\nde materiais de prote\u00e7\u00e3o, higieniza\u00e7\u00e3o, coleta e transporte de\namostras para\ncombate da pandemia do Corona V\u00edrus \u2013 COVID-19.<\/p>\n\n\n\n<p>\n<strong>PROCESSO\nADMINISTRATIVO N.\u00ba<\/strong>:\n1393\/2020 de 09\/06\/2020.<\/p>\n\n\n\n<p>\n<strong>CONTRATADO<\/strong><strong>:<\/strong>\n\n<\/p>\n\n\n\n<table class=\"wp-block-table\"><tbody><tr><td>\n\t\t\t<strong>EMPRESA<\/strong>\n\t\t<\/td><td>\n\t\t\t<strong>CNPJ<\/strong>\n\t\t<\/td><td>\n\t\t\t<strong>VALOR<\/strong>\n\t\t<\/td><\/tr><tr><td>\n\t\t\tPROMUS\n\t\t\tSOLU\u00c7\u00d5ES PROMOCIONAIS LTDA\n\t\t<\/td><td>\n\t\t\t10.188.616\/0001-91\n\t\t<\/td><td>\n\t\t\t660,00\n\t\t<\/td><\/tr><tr><td>\n\t\t\tCIRURGICA\n\t\t\tSANTA CRUZ COM. DE PROD. HOSPITALARES LTDA\n\t\t<\/td><td>\n\t\t\t94.516.671\/0001-53\n\t\t<\/td><td>\n\t\t\t1.884,00\n\t\t<\/td><\/tr><tr><td>\n\t\t\tALTERMED MATERIAL MEDICO HOSPITALAR LTDA\n\t\t<\/td><td>\n\t\t\t00.802.002\/0001-02\n\t\t<\/td><td>\n\t\t\t8.095,40\n\t\t<\/td><\/tr><tr><td>\n\t\t\tPROTETEC EQUIPAMENTOS DE PROTE\u00c7\u00c3O E FERRAMENTAS EM GERAL LTDA\n\t\t<\/td><td>\n\t\t\t17.282.876\/0001-70\n\t\t<\/td><td>\n\t\t\t390,00\n\t\t<\/td><\/tr><tr><td>\n\t\t\tSAUDMED\n\t\t\tDISTRIBUIDORA DE PRODUTOS HOSPITALARES EIRELI\n\t\t<\/td><td>\n\t\t\t24.480.341\/0001-70\n\t\t<\/td><td>\n\t\t\t65,00\n\t\t<\/td><\/tr><tr><td>\n\t\t\tPEDRO\n\t\t\tHENRIQUE DEMUCIO MARTINS\n\t\t<\/td><td>\n\t\t\t35.050.344\/0001-90\n\t\t<\/td><td>\n\t\t\t480,00\n\t\t<\/td><\/tr><tr><td>\n\t\t\tLABOR\n\t\t\tIMPORT COMERCIAL IMPORTADORA EXPORTADORA LTDA\n\t\t<\/td><td>\n\t\t\t01.005.728\/0001-79\n\t\t<\/td><td>\n\t\t\t198,00\n\t\t<\/td><\/tr><tr><td>\n\t\t\tC.\n\t\t\tDE AZEVEDO BRINDES\n\t\t<\/td><td>\n\t\t\t06.867.520\/0001-82\n\t\t<\/td><td>\n\t\t\t7.900,00\n\t\t<\/td><\/tr><tr><td>\n\t\t\tD2M\n\t\t\tSERVICOS E TECNOLOGIA LTDA\n\t\t<\/td><td>\n\t\t\t10.297.318\/0001-30\n\t\t<\/td><td>\n\t\t\t2.400,00\n\t\t<\/td><\/tr><tr><td>\n\t\t\tINDUSTRIA\n\t\t\tDE CONFECCOES K-DU EIRELI\n\t\t<\/td><td>\n\t\t\t10.424.098\/0001-68\n\t\t<\/td><td>\n\t\t\t18.000,00\n\t\t<\/td><\/tr><tr><td>\n\t\t\tELLUSS\n\t\t\tREPRESENTACOES LTDA\n\t\t<\/td><td>\n\t\t\t33.141.866\/0001-71\n\t\t<\/td><td>\n\t\t\t3.650,00\n\t\t<\/td><\/tr><tr><td>\n\t\t\tWICHINHESKI AGRONEGOCIOS LTDA\n\t\t<\/td><td>\n\t\t\t23.501.500\/0001-02\n\t\t<\/td><td>\n\t\t\t12.140,50\n\t\t<\/td><\/tr><tr><td>\n\t\t\t<br>\n\n\t\t\t\n\t\t<\/td><td>\n\t\t\t<strong>55.862,90<\/strong>\n\t\t<\/td><\/tr><\/tbody><\/table>\n\n\n\n<p>\n<strong>FUNDAMENTO\nLEGAL: <\/strong>Com\nbase no art. 24, inc. IV, da Lei Federal n.\u00ba 8.666\/93 e suas\naltera\u00e7\u00f5es e art. 4\u00ba da Lei n\u00ba 13.979\/2020.<\/p>\n\n\n\n<p>\nSanta\nRosa, 29\nde Junho\nde 2020.<\/p>\n\n\n\n<table class=\"wp-block-table aligncenter\"><tbody><tr><td> ______________________________ <br>Rog\u00e9rio Silva dos Santos <br>Diretor de Gest\u00e3o Administrativa <\/td><td>\n\t\t\t\t<br>\n\n\t\t\t\t\n\t\t\t<\/td><\/tr><\/tbody><\/table>\n","protected":false},"excerpt":{"rendered":"<p>EDITAL N\u00ba 26\/2020 DISPENSA DE LICITA\u00c7\u00c3O CONTRATANTE: Funda\u00e7\u00e3o Municipal de Sa\u00fade de Santa Rosa \u2013&#8230;<\/p>\n","protected":false},"author":7,"featured_media":0,"comment_status":"open","ping_status":"open","sticky":false,"template":"","format":"standard","meta":{"footnotes":""},"categories":[142],"tags":[],"_links":{"self":[{"href":"https:\/\/www.fumssar.com.br\/index.php?rest_route=\/wp\/v2\/posts\/14920"}],"collection":[{"href":"https:\/\/www.fumssar.com.br\/index.php?rest_route=\/wp\/v2\/posts"}],"about":[{"href":"https:\/\/www.fumssar.com.br\/index.php?rest_route=\/wp\/v2\/types\/post"}],"author":[{"embeddable":true,"href":"https:\/\/www.fumssar.com.br\/index.php?rest_route=\/wp\/v2\/users\/7"}],"replies":[{"embeddable":true,"href":"https:\/\/www.fumssar.com.br\/index.php?rest_route=%2Fwp%2Fv2%2Fcomments&post=14920"}],"version-history":[{"count":1,"href":"https:\/\/www.fumssar.com.br\/index.php?rest_route=\/wp\/v2\/posts\/14920\/revisions"}],"predecessor-version":[{"id":14921,"href":"https:\/\/www.fumssar.com.br\/index.php?rest_route=\/wp\/v2\/posts\/14920\/revisions\/14921"}],"wp:attachment":[{"href":"https:\/\/www.fumssar.com.br\/index.php?rest_route=%2Fwp%2Fv2%2Fmedia&parent=14920"}],"wp:term":[{"taxonomy":"category","embeddable":true,"href":"https:\/\/www.fumssar.com.br\/index.php?rest_route=%2Fwp%2Fv2%2Fcategories&post=14920"},{"taxonomy":"post_tag","embeddable":true,"href":"https:\/\/www.fumssar.com.br\/index.php?rest_route=%2Fwp%2Fv2%2Ftags&post=14920"}],"curies":[{"name":"wp","href":"https:\/\/api.w.org\/{rel}","templated":true}]}}