{"id":14855,"date":"2020-06-15T11:52:40","date_gmt":"2020-06-15T14:52:40","guid":{"rendered":"http:\/\/www.fumssar.com.br\/?p=14855"},"modified":"2024-10-07T16:34:40","modified_gmt":"2024-10-07T19:34:40","slug":"agentes-das-vigilancias-da-fumssar-e-policiais-da-brigada-militar-vistoriaram-parques-e-pracas-e-constaram-uma-baixa-consideravel-quanto-numero-de-frequentadores","status":"publish","type":"post","link":"https:\/\/www.fumssar.com.br\/?p=14855","title":{"rendered":"Agentes das Vigil\u00e2ncias da FUMSSAR e Policiais da Brigada Militar vistoriaram Parques e Pra\u00e7as e constaram uma baixa consider\u00e1vel quanto n\u00famero de frequentadores"},"content":{"rendered":"\n<p>Agentes das Vigil\u00e2ncias da FUMSSAR e Policiais da Brigada Militar vistoriaram Parques e Pra\u00e7as e constaram uma baixa consider\u00e1vel quanto n\u00famero de frequentadores<\/p>\n\n\n\n<p>Os agentes da Vigil\u00e2ncia Sanit\u00e1ria e do CEREST que estavam de servi\u00e7o, com apoio de Soldados da Brigada Militar, atuaram durante toda a tarde at\u00e9 o in\u00edcio da noite de domingo, em Pra\u00e7as e Parques da cidade e, tamb\u00e9m atenderam algumas den\u00fancias. Durante todo o per\u00edodo foi verificado um baixo n\u00famero de frequentadores nos locais vistoriados, principalmente no Parque Linear Tape Por\u00e3, um dos locais mais frequentados pela popula\u00e7\u00e3o.<br>Os poucos frequentadores, que estavam nos locais, foram abordados recebendo orienta\u00e7\u00f5es, quanto ao uso de m\u00e1scaras bem como, advertidos quanto ao n\u00e3o uso por alguns. O grupo percebeu inclusive na sa\u00edda do Supermercado em frente ao Tape Por\u00e3 ,que a maioria das pessoas estavm usando o equipamento que \u00e9 de uso obrigat\u00f3rio.<br>Em outros locais, tamb\u00e9m foi verificada a baixa perman\u00eancia, de pessoas. No prolongamento da Avenida Am\u00e9rica, havia alguns carros parados, casais e jovens mas que tamb\u00e9m n\u00e3o era de n\u00famero expressivo.<br>Luciana Buron, agente do CEREST avaliou a baixa procura dos locais um pouco pelo clima frio e tamb\u00e9m que a popula\u00e7\u00e3o est\u00e1 se conscientizando. Luciana destacou ainda que as pessoas abordadas foram orientadas a deixar os locais, entenderam as orienta\u00e7\u00f5es e agradeceram a a\u00e7\u00e3o.<br>Tamb\u00e9m algumas den\u00fancias foram atendidas, mas a maioria estava dentro das medidas, um caso somente de um estabelecimento que estava fora das regras sendo reincidente, o propriet\u00e1rio foi notificado e os frequentadores tiveram que sair do local.<br>Alice Klein Diretora da Rede de Aten\u00e7\u00e3o Prim\u00e1ria da FUMSSAR, que Coordena as Vigil\u00e2ncias ao avaliar as a\u00e7\u00f5es destacou como um avan\u00e7o, progressivo, parabenizando a comunidade que est\u00e1 vendo o esfor\u00e7o do Governo Municipal, em combater o COVID-19.<br>O Presidente D\u00e9lcio Stefan frisou estamos num momento muito delicado, e precisamos somar esfor\u00e7os, mais do que nunca no enfrentamento da pandemia, que n\u00e3o \u00e9 brincadeira. Stefan falou ainda que o Prefeito Vicini e toda equipe est\u00e3o sempre atentos na busca de mais a\u00e7\u00f5es para vencer esta batalha.<br>Sobre n\u00fameros os agentes envolvidos na a\u00e7\u00e3o de domingo afirmam que n\u00e3o havia mais de 150 pessoas no Tape Por\u00e3, um n\u00famero muito abaixo do normal, e muitos destes deixaram o local conforme orienta\u00e7\u00f5es recebidas,<\/p>\n","protected":false},"excerpt":{"rendered":"<p>Agentes das Vigil\u00e2ncias da FUMSSAR e Policiais da Brigada Militar vistoriaram Parques e Pra\u00e7as e&#8230;<\/p>\n","protected":false},"author":11,"featured_media":14856,"comment_status":"open","ping_status":"open","sticky":false,"template":"","format":"standard","meta":{"footnotes":""},"categories":[2],"tags":[],"_links":{"self":[{"href":"https:\/\/www.fumssar.com.br\/index.php?rest_route=\/wp\/v2\/posts\/14855"}],"collection":[{"href":"https:\/\/www.fumssar.com.br\/index.php?rest_route=\/wp\/v2\/posts"}],"about":[{"href":"https:\/\/www.fumssar.com.br\/index.php?rest_route=\/wp\/v2\/types\/post"}],"author":[{"embeddable":true,"href":"https:\/\/www.fumssar.com.br\/index.php?rest_route=\/wp\/v2\/users\/11"}],"replies":[{"embeddable":true,"href":"https:\/\/www.fumssar.com.br\/index.php?rest_route=%2Fwp%2Fv2%2Fcomments&post=14855"}],"version-history":[{"count":1,"href":"https:\/\/www.fumssar.com.br\/index.php?rest_route=\/wp\/v2\/posts\/14855\/revisions"}],"predecessor-version":[{"id":14857,"href":"https:\/\/www.fumssar.com.br\/index.php?rest_route=\/wp\/v2\/posts\/14855\/revisions\/14857"}],"wp:featuredmedia":[{"embeddable":true,"href":"https:\/\/www.fumssar.com.br\/index.php?rest_route=\/wp\/v2\/media\/14856"}],"wp:attachment":[{"href":"https:\/\/www.fumssar.com.br\/index.php?rest_route=%2Fwp%2Fv2%2Fmedia&parent=14855"}],"wp:term":[{"taxonomy":"category","embeddable":true,"href":"https:\/\/www.fumssar.com.br\/index.php?rest_route=%2Fwp%2Fv2%2Fcategories&post=14855"},{"taxonomy":"post_tag","embeddable":true,"href":"https:\/\/www.fumssar.com.br\/index.php?rest_route=%2Fwp%2Fv2%2Ftags&post=14855"}],"curies":[{"name":"wp","href":"https:\/\/api.w.org\/{rel}","templated":true}]}}