{"id":1458,"date":"2014-04-23T20:20:48","date_gmt":"2014-04-23T20:20:48","guid":{"rendered":"http:\/\/www.fumssar.com.br\/?p=1458"},"modified":"2024-10-07T16:36:20","modified_gmt":"2024-10-07T19:36:20","slug":"fumssar-esta-vacinando-contra-a-gripe","status":"publish","type":"post","link":"https:\/\/www.fumssar.com.br\/?p=1458","title":{"rendered":"FUMSSAR est\u00e1 vacinando contra a gripe"},"content":{"rendered":"<p>Iniciou nesta  quarta-feira,(23) a Campanha de Vacina\u00e7\u00e3o contra a gripe e se estender\u00e1 at\u00e9 o dia 10 de maio, tendo como dia  \u201cD\u201d o Dia de Mobiliza\u00e7\u00e3o Nacional o s\u00e1bado dia 26\/4. Todas as pessoas  pertencente aos grupos de riscos dever\u00e3o procurar as unidades b\u00e1sicas de sa\u00fade para receberem a dose da vacina no hor\u00e1rio d\u00e1s 7h30 \u00e0s 11h30 d\u00e1s 13h30 \u00e1s 17h. Este ano o ser\u00e3o vacinadas  tamb\u00e9m crian\u00e7as de 2 a 4 anos 11 meses e 29 dias que nos anos anteriores n\u00e3o receberam a vacina.<br \/>\nA vacina este ano conforme orienta a OMS ir\u00e1 proteger contra tr\u00eas subtipos de v\u00edrus(A\/H1N1;A\/H3N2 e Influenza B). O Presidente da FUMSSAR Dr. Luis Ant\u00f4nio Benvegn\u00fa  deu in\u00edcio oficial  \u00e0 Campanha  recebendo  a dose da vacina na Unidade B\u00e1sica de Sa\u00fade do centro.<\/p>\n","protected":false},"excerpt":{"rendered":"<p>Iniciou nesta quarta-feira,(23) a Campanha de Vacina\u00e7\u00e3o contra a gripe e se estender\u00e1 at\u00e9 o&#8230;<\/p>\n","protected":false},"author":11,"featured_media":1460,"comment_status":"open","ping_status":"open","sticky":false,"template":"","format":"standard","meta":{"footnotes":""},"categories":[2],"tags":[],"_links":{"self":[{"href":"https:\/\/www.fumssar.com.br\/index.php?rest_route=\/wp\/v2\/posts\/1458"}],"collection":[{"href":"https:\/\/www.fumssar.com.br\/index.php?rest_route=\/wp\/v2\/posts"}],"about":[{"href":"https:\/\/www.fumssar.com.br\/index.php?rest_route=\/wp\/v2\/types\/post"}],"author":[{"embeddable":true,"href":"https:\/\/www.fumssar.com.br\/index.php?rest_route=\/wp\/v2\/users\/11"}],"replies":[{"embeddable":true,"href":"https:\/\/www.fumssar.com.br\/index.php?rest_route=%2Fwp%2Fv2%2Fcomments&post=1458"}],"version-history":[{"count":1,"href":"https:\/\/www.fumssar.com.br\/index.php?rest_route=\/wp\/v2\/posts\/1458\/revisions"}],"predecessor-version":[{"id":1459,"href":"https:\/\/www.fumssar.com.br\/index.php?rest_route=\/wp\/v2\/posts\/1458\/revisions\/1459"}],"wp:featuredmedia":[{"embeddable":true,"href":"https:\/\/www.fumssar.com.br\/index.php?rest_route=\/wp\/v2\/media\/1460"}],"wp:attachment":[{"href":"https:\/\/www.fumssar.com.br\/index.php?rest_route=%2Fwp%2Fv2%2Fmedia&parent=1458"}],"wp:term":[{"taxonomy":"category","embeddable":true,"href":"https:\/\/www.fumssar.com.br\/index.php?rest_route=%2Fwp%2Fv2%2Fcategories&post=1458"},{"taxonomy":"post_tag","embeddable":true,"href":"https:\/\/www.fumssar.com.br\/index.php?rest_route=%2Fwp%2Fv2%2Ftags&post=1458"}],"curies":[{"name":"wp","href":"https:\/\/api.w.org\/{rel}","templated":true}]}}