{"id":14555,"date":"2020-04-23T16:53:37","date_gmt":"2020-04-23T19:53:37","guid":{"rendered":"http:\/\/www.fumssar.com.br\/?p=14555"},"modified":"2024-10-07T16:34:41","modified_gmt":"2024-10-07T19:34:41","slug":"municipio-de-santa-rosa-tera-barreiras-sanitarias-para-conter-o-avanco-covid-19","status":"publish","type":"post","link":"https:\/\/www.fumssar.com.br\/?p=14555","title":{"rendered":"Munic\u00edpio de Santa Rosa ter\u00e1 barreiras sanit\u00e1rias para conter o avan\u00e7o COVID-19"},"content":{"rendered":"\n<p>Munic\u00edpio de Santa Rosa ter\u00e1 barreiras sanit\u00e1rias para conter o avan\u00e7o COVID-19<br>\n    A partir de sexta-feira, (24) o munic\u00edpio de Santa Rosa. ter\u00e1 barreiras sanit\u00e1rias inicialmente  nas principais entradas da cidade. Esta \u00e9  mais uma a\u00e7\u00e3o conjunta que tem como objetivo a preven\u00e7\u00e3o  ao  CORONAV\u00ccRUS no munic\u00edpio.<br>\n    Nas barreiras ser\u00e3o abordados ve\u00edculos com orienta\u00e7\u00f5es e questionamentos da origem dos ocupantes, com medi\u00e7\u00e3o de temperatura  e bem como outros  sintomas do COVID-19. O projeto \u00e9 mantido pelo munic\u00edpio, atrav\u00e9s da FUMSSAR, em parceria com a Funda\u00e7\u00e3o Educacional Machado de Assis-FEMA, atrav\u00e9s dos cursos na \u00e1rea de enfermagem,  ACISAP,  e contando com o apoio do 19\u00ba RCMEC e Brigada Militar. <br>\n    Nos locais ser\u00e3o feitos ainda, servi\u00e7os de sanitiza\u00e7\u00e3o nos ve\u00edculos por volunt\u00e1rios da empresa Previnset e do grupo For\u00e7a Tarefa da Serra Ga\u00facha. Ademir Rosa diretor da Gest\u00e3o de Planejamento Estrat\u00e9gico da FUMSSAR, que coordena o projeto explica que trata &#8211; se de uma atividade preventiva, funcionando como uma ferramenta de orienta\u00e7\u00e3o e controle do fluxo de pessoas que est\u00e3o chegando Santa Rosa, com um monitoramento espec\u00edfico quanto, circula\u00e7\u00e3o do v\u00edrus que se tornou uma grande pandemia. As barreiras estar\u00e3o sendo realizadas na Avenida Buric\u00e1 no Bairro Cruzeiro e na Avenida Borges de Medeiros junto ao P\u00f3rtico de entrada do munic\u00edpio.<\/p>\n","protected":false},"excerpt":{"rendered":"<p>Munic\u00edpio de Santa Rosa ter\u00e1 barreiras sanit\u00e1rias para conter o avan\u00e7o COVID-19 A partir de&#8230;<\/p>\n","protected":false},"author":11,"featured_media":14556,"comment_status":"open","ping_status":"open","sticky":false,"template":"","format":"standard","meta":{"footnotes":""},"categories":[2],"tags":[],"_links":{"self":[{"href":"https:\/\/www.fumssar.com.br\/index.php?rest_route=\/wp\/v2\/posts\/14555"}],"collection":[{"href":"https:\/\/www.fumssar.com.br\/index.php?rest_route=\/wp\/v2\/posts"}],"about":[{"href":"https:\/\/www.fumssar.com.br\/index.php?rest_route=\/wp\/v2\/types\/post"}],"author":[{"embeddable":true,"href":"https:\/\/www.fumssar.com.br\/index.php?rest_route=\/wp\/v2\/users\/11"}],"replies":[{"embeddable":true,"href":"https:\/\/www.fumssar.com.br\/index.php?rest_route=%2Fwp%2Fv2%2Fcomments&post=14555"}],"version-history":[{"count":1,"href":"https:\/\/www.fumssar.com.br\/index.php?rest_route=\/wp\/v2\/posts\/14555\/revisions"}],"predecessor-version":[{"id":14557,"href":"https:\/\/www.fumssar.com.br\/index.php?rest_route=\/wp\/v2\/posts\/14555\/revisions\/14557"}],"wp:featuredmedia":[{"embeddable":true,"href":"https:\/\/www.fumssar.com.br\/index.php?rest_route=\/wp\/v2\/media\/14556"}],"wp:attachment":[{"href":"https:\/\/www.fumssar.com.br\/index.php?rest_route=%2Fwp%2Fv2%2Fmedia&parent=14555"}],"wp:term":[{"taxonomy":"category","embeddable":true,"href":"https:\/\/www.fumssar.com.br\/index.php?rest_route=%2Fwp%2Fv2%2Fcategories&post=14555"},{"taxonomy":"post_tag","embeddable":true,"href":"https:\/\/www.fumssar.com.br\/index.php?rest_route=%2Fwp%2Fv2%2Ftags&post=14555"}],"curies":[{"name":"wp","href":"https:\/\/api.w.org\/{rel}","templated":true}]}}