{"id":14527,"date":"2020-04-15T21:54:12","date_gmt":"2020-04-16T00:54:12","guid":{"rendered":"http:\/\/www.fumssar.com.br\/?p=14527"},"modified":"2024-10-07T16:34:54","modified_gmt":"2024-10-07T19:34:54","slug":"santa-rosa-inicia-a-segunda-etapa-de-vacinacao-contra-a-gripe-h1n1","status":"publish","type":"post","link":"https:\/\/www.fumssar.com.br\/?p=14527","title":{"rendered":"Santa Rosa inicia a segunda etapa de vacina\u00e7\u00e3o contra a gripe H1N1"},"content":{"rendered":"\n<p> Munic\u00edpio de Santa\nRosa inicia a segunda etapa de\nvacina\u00e7\u00e3o contra a gripe H1N1<\/p>\n\n\n\n<p>\tCumprindo\no protocolo de vacina\u00e7\u00e3o do Minist\u00e9rio da Sa\u00fade, a FUMSSAR inicia\nnesta quinta-feira,16 a segunda etapa de aplica\u00e7\u00e3o contra a gripe\nH1N1 para os grupos previstos no calend\u00e1rio.<\/p>\n\n\n\n<p>\tNesta\nfase est\u00e3o previstas a aplica\u00e7\u00e3o de doses em profissionais de\nseguran\u00e7a e salvamento, portadores de doen\u00e7as cr\u00f4nicas n\u00e3o\ntransmiss\u00edveis e outras condi\u00e7\u00f5es cl\u00ednicas especiais,\nfuncion\u00e1rios do sistema prisional, adolescentes e jovens de 12 a 21\nanos sob medidas socioeducativas, popula\u00e7\u00e3o privada de liberdade,\ncaminhoneiros, profissionais de transporte coletivo(motoristas e\ncobradores) e trabalhadores portu\u00e1rios.<\/p>\n\n\n\n<p>\tDesde\no in\u00edcio da campanha de 2020, j\u00e1 foram aplicadas em Santa Rosa\n10.452 doses, destas 8.771 foram em idosos, atingindo 100%  da meta,\npor\u00e9m esta popula\u00e7\u00e3o \u00e9 subestimada. No grupo de trabalhadores em\nsa\u00fade foram aplicadas 1.680 doses, significando 84% da meta.<\/p>\n\n\n\n<p>\tA\nvacina\u00e7\u00e3o em Santa Rosa nesta quinta-feira, ser\u00e1 realizada em\ntodas as Unidades de Sa\u00fade do munic\u00edpio iniciando as 13h30 minutos.\nA diretora de Aten\u00e7\u00e3o Prim\u00e1ria em Sa\u00fade, Alice Klein salienta que\nainda ser\u00e3o vacinados idosos restantes e profissionais da \u00e1rea de\nsa\u00fade. A diretora ressalta ainda que n\u00e3o \u00e9 necess\u00e1rio haver\ncorrerias por parte da popula\u00e7\u00e3o pois o Minist\u00e9rio esta enviando\nvacinas gradativamente.<\/p>\n","protected":false},"excerpt":{"rendered":"<p>Munic\u00edpio de Santa Rosa inicia a segunda etapa de vacina\u00e7\u00e3o contra a gripe H1N1 Cumprindo&#8230;<\/p>\n","protected":false},"author":11,"featured_media":14528,"comment_status":"open","ping_status":"open","sticky":false,"template":"","format":"standard","meta":{"footnotes":""},"categories":[2],"tags":[],"_links":{"self":[{"href":"https:\/\/www.fumssar.com.br\/index.php?rest_route=\/wp\/v2\/posts\/14527"}],"collection":[{"href":"https:\/\/www.fumssar.com.br\/index.php?rest_route=\/wp\/v2\/posts"}],"about":[{"href":"https:\/\/www.fumssar.com.br\/index.php?rest_route=\/wp\/v2\/types\/post"}],"author":[{"embeddable":true,"href":"https:\/\/www.fumssar.com.br\/index.php?rest_route=\/wp\/v2\/users\/11"}],"replies":[{"embeddable":true,"href":"https:\/\/www.fumssar.com.br\/index.php?rest_route=%2Fwp%2Fv2%2Fcomments&post=14527"}],"version-history":[{"count":1,"href":"https:\/\/www.fumssar.com.br\/index.php?rest_route=\/wp\/v2\/posts\/14527\/revisions"}],"predecessor-version":[{"id":14529,"href":"https:\/\/www.fumssar.com.br\/index.php?rest_route=\/wp\/v2\/posts\/14527\/revisions\/14529"}],"wp:featuredmedia":[{"embeddable":true,"href":"https:\/\/www.fumssar.com.br\/index.php?rest_route=\/wp\/v2\/media\/14528"}],"wp:attachment":[{"href":"https:\/\/www.fumssar.com.br\/index.php?rest_route=%2Fwp%2Fv2%2Fmedia&parent=14527"}],"wp:term":[{"taxonomy":"category","embeddable":true,"href":"https:\/\/www.fumssar.com.br\/index.php?rest_route=%2Fwp%2Fv2%2Fcategories&post=14527"},{"taxonomy":"post_tag","embeddable":true,"href":"https:\/\/www.fumssar.com.br\/index.php?rest_route=%2Fwp%2Fv2%2Ftags&post=14527"}],"curies":[{"name":"wp","href":"https:\/\/api.w.org\/{rel}","templated":true}]}}