{"id":14344,"date":"2020-03-27T10:32:33","date_gmt":"2020-03-27T13:32:33","guid":{"rendered":"http:\/\/www.fumssar.com.br\/?p=14344"},"modified":"2020-04-09T10:33:34","modified_gmt":"2020-04-09T13:33:34","slug":"dispensa-de-licitacao-12-2020","status":"publish","type":"post","link":"https:\/\/www.fumssar.com.br\/?p=14344","title":{"rendered":"Dispensa de Licita\u00e7\u00e3o 12\/2020"},"content":{"rendered":"\n<p>\n<strong>EDITAL\nN\u00ba 1<\/strong><strong>2<\/strong><strong>\/2020<\/strong><\/p>\n\n\n\n<p>\n<strong>DISPENSA\nDE LICITA\u00c7\u00c3O<\/strong><\/p>\n\n\n\n<p>\n<strong>CONTRATANTE:\n<\/strong>Funda\u00e7\u00e3o Municipal de Sa\u00fade\nde Santa Rosa \u2013 FUMSSAR<\/p>\n\n\n\n<p>\n<strong>OBJETO:\n<\/strong>Aquisi\u00e7\u00e3o\nde fraldas\n\n<\/p>\n\n\n\n<p>\n<strong>PROCESSO\nADMINISTRATIVO N.\u00ba<\/strong>:\n076\/2020 de 23\/03\/2020<\/p>\n\n\n\n<p>\n<strong>CONTRATADO<\/strong><strong>:<\/strong>\nHOSPITALARES COM. MAT. MEDICO LTDA<\/p>\n\n\n\n<p>\n<strong>CNPJ:<\/strong>\n07.571.682\/0001-31<\/p>\n\n\n\n<p>\n<strong>VALOR:\n<\/strong>R$ 19.470,00 (Dezenove mil\nquatrocentos e setenta reais). \n<\/p>\n\n\n\n<p>\n<strong>CONTRATADO<\/strong><strong>:<\/strong>MEDI\nHOUSE IND. E COM. DE PROD. CIR. E HOSP. LTDA<\/p>\n\n\n\n<p>\n<strong>CNPJ:<\/strong>\n48.939.276\/0001-66<\/p>\n\n\n\n<p>\n<strong>VALOR:\n<\/strong>R$ 3.299,00 (Tr\u00eas mil duzentos\ne noventa e nove reais). \n<\/p>\n\n\n\n<p>\n<strong>CONTRATADO<\/strong><strong>:<\/strong>\nRMD COM. ATAC. DE COMEST. E HIG.\nPESSOAL EIRELI<\/p>\n\n\n\n<p>\n<strong>CNPJ:<\/strong>\n36.177.198\/0001-20<\/p>\n\n\n\n<p>\n<strong>VALOR:\n<\/strong>R$ 148.470,00 (Cento e quarenta\ne oito reais quatrocentos e setenta reais). \n<\/p>\n\n\n\n<p>\n<strong>FUNDAMENTO\nLEGAL: <\/strong>Com base no art. 24, inc.\nIV,\nda Lei Federal n.\u00ba 8.666\/93 e suas altera\u00e7\u00f5es.<\/p>\n\n\n\n<p>\nSanta\nRosa, 25\nde Mar\u00e7o de 2020.<\/p>\n\n\n\n<table class=\"wp-block-table\"><tbody><tr><td> ______________________________ <br>Rog\u00e9rio Silva dos Santos <br>Diretor de Gest\u00e3o Administrativa <\/td><td>\n\t\t\t\t<br>\n\n\t\t\t\t\n\t\t\t<\/td><\/tr><\/tbody><\/table>\n","protected":false},"excerpt":{"rendered":"<p>EDITAL N\u00ba 12\/2020 DISPENSA DE LICITA\u00c7\u00c3O CONTRATANTE: Funda\u00e7\u00e3o Municipal de Sa\u00fade de Santa Rosa \u2013&#8230;<\/p>\n","protected":false},"author":7,"featured_media":0,"comment_status":"open","ping_status":"open","sticky":false,"template":"","format":"standard","meta":{"footnotes":""},"categories":[142],"tags":[],"_links":{"self":[{"href":"https:\/\/www.fumssar.com.br\/index.php?rest_route=\/wp\/v2\/posts\/14344"}],"collection":[{"href":"https:\/\/www.fumssar.com.br\/index.php?rest_route=\/wp\/v2\/posts"}],"about":[{"href":"https:\/\/www.fumssar.com.br\/index.php?rest_route=\/wp\/v2\/types\/post"}],"author":[{"embeddable":true,"href":"https:\/\/www.fumssar.com.br\/index.php?rest_route=\/wp\/v2\/users\/7"}],"replies":[{"embeddable":true,"href":"https:\/\/www.fumssar.com.br\/index.php?rest_route=%2Fwp%2Fv2%2Fcomments&post=14344"}],"version-history":[{"count":1,"href":"https:\/\/www.fumssar.com.br\/index.php?rest_route=\/wp\/v2\/posts\/14344\/revisions"}],"predecessor-version":[{"id":14345,"href":"https:\/\/www.fumssar.com.br\/index.php?rest_route=\/wp\/v2\/posts\/14344\/revisions\/14345"}],"wp:attachment":[{"href":"https:\/\/www.fumssar.com.br\/index.php?rest_route=%2Fwp%2Fv2%2Fmedia&parent=14344"}],"wp:term":[{"taxonomy":"category","embeddable":true,"href":"https:\/\/www.fumssar.com.br\/index.php?rest_route=%2Fwp%2Fv2%2Fcategories&post=14344"},{"taxonomy":"post_tag","embeddable":true,"href":"https:\/\/www.fumssar.com.br\/index.php?rest_route=%2Fwp%2Fv2%2Ftags&post=14344"}],"curies":[{"name":"wp","href":"https:\/\/api.w.org\/{rel}","templated":true}]}}