{"id":14307,"date":"2020-03-27T10:04:40","date_gmt":"2020-03-27T13:04:40","guid":{"rendered":"http:\/\/www.fumssar.com.br\/?p=14307"},"modified":"2024-10-07T16:34:54","modified_gmt":"2024-10-07T19:34:54","slug":"confirmado-o-primeiro-caso-de-coronavirus-em-santa-rosa","status":"publish","type":"post","link":"https:\/\/www.fumssar.com.br\/?p=14307","title":{"rendered":"Confirmado o primeiro caso de CORONAV\u00cdRUS em Santa Rosa."},"content":{"rendered":"\n<p>A FUMSSAR confirmou na manh\u00e3 desta sexta -feira,27 o primeiro caso de CORONAV\u00cdRUS em Santa Rosa.<\/p>\n\n\n\n<p>O anuncio foi feito atrav\u00e9s de entrevista coletiva pelo Presidente da FUMSSAR, D\u00e9lcio Stefan, Vice-prefeito, Dr. Luis  Ant\u00f4nio Benvegn\u00fa, pelo Coordenador da 14\u00aa Coordenadoria Regional de Sa\u00fade, Anselmo Loureiro e t\u00e9cnicos da FUMSSAR e do Estado.<\/p>\n\n\n\n<p>O Paciente do sexo masculino,31 anos mora no exterior veio visitar familiares chegando em Santa Rosa dia 15 de mar\u00e7o procurou informa\u00e7\u00f5es com a  que passou a monitorar o caso em isolamento domiciliar. No dia 20  o paciente apresentou sintomas e foi coletado material, confirmando como positivo na manh\u00e3 desta sexta-feira.<\/p>\n\n\n\n<p><\/p>\n","protected":false},"excerpt":{"rendered":"<p>A FUMSSAR confirmou na manh\u00e3 desta sexta -feira,27 o primeiro caso de CORONAV\u00cdRUS em Santa&#8230;<\/p>\n","protected":false},"author":11,"featured_media":14308,"comment_status":"open","ping_status":"open","sticky":false,"template":"","format":"standard","meta":{"footnotes":""},"categories":[2],"tags":[],"_links":{"self":[{"href":"https:\/\/www.fumssar.com.br\/index.php?rest_route=\/wp\/v2\/posts\/14307"}],"collection":[{"href":"https:\/\/www.fumssar.com.br\/index.php?rest_route=\/wp\/v2\/posts"}],"about":[{"href":"https:\/\/www.fumssar.com.br\/index.php?rest_route=\/wp\/v2\/types\/post"}],"author":[{"embeddable":true,"href":"https:\/\/www.fumssar.com.br\/index.php?rest_route=\/wp\/v2\/users\/11"}],"replies":[{"embeddable":true,"href":"https:\/\/www.fumssar.com.br\/index.php?rest_route=%2Fwp%2Fv2%2Fcomments&post=14307"}],"version-history":[{"count":1,"href":"https:\/\/www.fumssar.com.br\/index.php?rest_route=\/wp\/v2\/posts\/14307\/revisions"}],"predecessor-version":[{"id":14309,"href":"https:\/\/www.fumssar.com.br\/index.php?rest_route=\/wp\/v2\/posts\/14307\/revisions\/14309"}],"wp:featuredmedia":[{"embeddable":true,"href":"https:\/\/www.fumssar.com.br\/index.php?rest_route=\/wp\/v2\/media\/14308"}],"wp:attachment":[{"href":"https:\/\/www.fumssar.com.br\/index.php?rest_route=%2Fwp%2Fv2%2Fmedia&parent=14307"}],"wp:term":[{"taxonomy":"category","embeddable":true,"href":"https:\/\/www.fumssar.com.br\/index.php?rest_route=%2Fwp%2Fv2%2Fcategories&post=14307"},{"taxonomy":"post_tag","embeddable":true,"href":"https:\/\/www.fumssar.com.br\/index.php?rest_route=%2Fwp%2Fv2%2Ftags&post=14307"}],"curies":[{"name":"wp","href":"https:\/\/api.w.org\/{rel}","templated":true}]}}