{"id":14196,"date":"2020-03-19T16:57:23","date_gmt":"2020-03-19T19:57:23","guid":{"rendered":"http:\/\/www.fumssar.com.br\/?p=14196"},"modified":"2020-03-19T17:00:45","modified_gmt":"2020-03-19T20:00:45","slug":"edital-04-2020-ciee","status":"publish","type":"post","link":"https:\/\/www.fumssar.com.br\/?p=14196","title":{"rendered":"EDITAL 04\/2020 &#8211; CIEE"},"content":{"rendered":"\n<div class=\"wp-block-file\"><a href=\"http:\/\/www.fumssar.com.br\/wp-content\/uploads\/2020\/03\/EDITAL-04.2020-CIEE.pdf\">EDITAL-04.2020-CIEE<\/a><a href=\"http:\/\/www.fumssar.com.br\/wp-content\/uploads\/2020\/03\/EDITAL-04.2020-CIEE.pdf\" class=\"wp-block-file__button\" download>Baixar<\/a><\/div>\n\n\n\n<p style=\"text-align:center\"> EDITAL N\u00ba 04\/2020 <\/p>\n\n\n\n<p style=\"text-align:center\">EDITAL DE PROCESSO SELETIVO P\u00daBLICO  <\/p>\n\n\n\n<p style=\"text-align:center\">SELE\u00c7\u00c3O DE ESTAGI\u00c1RIOS PARA FUNDA\u00c7\u00c3O MUNICIPAL DE SA\u00daDE DE SANTA ROSA &#8211; FUMSSAR <\/p>\n\n\n\n<p>D\u00c9LCIO STEFAN, Presidente da Funda\u00e7\u00e3o Municipal de Sa\u00fade de Santa Rosa, Estado do Rio Grande do Sul, no uso de suas atribui\u00e7\u00f5es legais, torna p\u00fablico que est\u00e1 suspenso por prazo indeterminado o Processo Seletivo destinado ao preenchimento de vagas de est\u00e1gio e forma\u00e7\u00e3o de cadastro de reserva, para estudantes regularmente matriculados e com frequ\u00eancia regular em institui\u00e7\u00f5es de ensino superior e de educa\u00e7\u00e3o profissional, nos devidos termos da Lei Federal 11.788\/2008 e da Lei Municipal n\u00ba 5.227\/2015, de 26 de junho de 2015, para atua\u00e7\u00e3o nos diversos departamentos da FUMSSAR, conforme Contrato de Presta\u00e7\u00e3o de Servi\u00e7os 010\/2019 e seu aditivos, decorrentes do Edital de Licita\u00e7\u00e3o de Preg\u00e3o Presencial n\u00ba 09\/2019, processo administrativo 186\/2019. <\/p>\n\n\n\n<p>A partir de 19\/03\/2020 ficam suspensas por prazo indeterminado todas as etapas do Processo Seletivo regido pelo edital 04\/2020, tendo em vista a\u00e7\u00f5es de preven\u00e7\u00e3o a pandemia do Coronav\u00edrus (COVID-19). <\/p>\n\n\n\n<p>Os candidatos j\u00e1 inscritos no Processo Seletivo n\u00e3o ter\u00e3o necessidade de realizar nova inscri\u00e7\u00e3o. T\u00e3o logo a situa\u00e7\u00e3o seja normalizada, comunicaremos a retomada do Processo Seletivo pelos mesmos canais de divulga\u00e7\u00e3o do Edital 04\/2020. <\/p>\n\n\n\n<p>SANTA ROSA &#8211; RS, EM 19 DE MAR\u00c7O DE 2020. <\/p>\n\n\n\n<p>D\u00c9LCIO STEFAN <\/p>\n\n\n\n<p>Presidente FUMSSAR <\/p>\n","protected":false},"excerpt":{"rendered":"<p>EDITAL N\u00ba 04\/2020 EDITAL DE PROCESSO SELETIVO P\u00daBLICO SELE\u00c7\u00c3O DE ESTAGI\u00c1RIOS PARA FUNDA\u00c7\u00c3O MUNICIPAL DE&#8230;<\/p>\n","protected":false},"author":24,"featured_media":0,"comment_status":"open","ping_status":"open","sticky":false,"template":"","format":"standard","meta":{"footnotes":""},"categories":[1],"tags":[],"_links":{"self":[{"href":"https:\/\/www.fumssar.com.br\/index.php?rest_route=\/wp\/v2\/posts\/14196"}],"collection":[{"href":"https:\/\/www.fumssar.com.br\/index.php?rest_route=\/wp\/v2\/posts"}],"about":[{"href":"https:\/\/www.fumssar.com.br\/index.php?rest_route=\/wp\/v2\/types\/post"}],"author":[{"embeddable":true,"href":"https:\/\/www.fumssar.com.br\/index.php?rest_route=\/wp\/v2\/users\/24"}],"replies":[{"embeddable":true,"href":"https:\/\/www.fumssar.com.br\/index.php?rest_route=%2Fwp%2Fv2%2Fcomments&post=14196"}],"version-history":[{"count":1,"href":"https:\/\/www.fumssar.com.br\/index.php?rest_route=\/wp\/v2\/posts\/14196\/revisions"}],"predecessor-version":[{"id":14198,"href":"https:\/\/www.fumssar.com.br\/index.php?rest_route=\/wp\/v2\/posts\/14196\/revisions\/14198"}],"wp:attachment":[{"href":"https:\/\/www.fumssar.com.br\/index.php?rest_route=%2Fwp%2Fv2%2Fmedia&parent=14196"}],"wp:term":[{"taxonomy":"category","embeddable":true,"href":"https:\/\/www.fumssar.com.br\/index.php?rest_route=%2Fwp%2Fv2%2Fcategories&post=14196"},{"taxonomy":"post_tag","embeddable":true,"href":"https:\/\/www.fumssar.com.br\/index.php?rest_route=%2Fwp%2Fv2%2Ftags&post=14196"}],"curies":[{"name":"wp","href":"https:\/\/api.w.org\/{rel}","templated":true}]}}