{"id":14163,"date":"2020-03-02T10:21:12","date_gmt":"2020-03-02T13:21:12","guid":{"rendered":"http:\/\/www.fumssar.com.br\/?p=14163"},"modified":"2024-10-07T16:34:54","modified_gmt":"2024-10-07T19:34:54","slug":"comunicado-4","status":"publish","type":"post","link":"https:\/\/www.fumssar.com.br\/?p=14163","title":{"rendered":"COMUNICADO"},"content":{"rendered":"\n<p>&nbsp;&nbsp;&nbsp;&nbsp;&nbsp;&nbsp;&nbsp;&nbsp;&nbsp;\nA &nbsp;FUMSSAR vem atrav\u00e9s do presente\ncomunicar a &nbsp;popula\u00e7\u00e3o em geral que nesta\ndata foi registrado um caso suspeito do novo Coronav\u00edrus no munic\u00edpio. Trata-se\nde uma pessoa do sexo feminino, na faixa et\u00e1ria dos 50 anos, que esteve na It\u00e1lia\ne retornou a Santa Rosa, por isto j\u00e1 vinha sendo monitorada pela vigil\u00e2ncia do\nmunic\u00edpio, no decorrer do&nbsp; monitoramento a\npaciente apresentou os&nbsp; sintomas\natendendo os crit\u00e9rios&nbsp; do Minist\u00e9rio da\nsa\u00fade como caso&nbsp; suspeito, sendo\nnotificado e seguindo protocolo estabelecido. A paciente foi atendida\nencontra-se em bom estado de sa\u00fade em isolamento domicilair.<\/p>\n\n\n\n<p>&nbsp;&nbsp;&nbsp;&nbsp;&nbsp;&nbsp;&nbsp;&nbsp;&nbsp;&nbsp;&nbsp; Informamos ainda que todos os\nprocedimentos determinados pelo Minist\u00e9rio da Sa\u00fade e Secretaria Estadual foram\nrealizados&nbsp; e estamos no aguardo de\nresultados de exames para comprova\u00e7\u00e3o.<\/p>\n\n\n\n<p>&nbsp;&nbsp;&nbsp;&nbsp;&nbsp;&nbsp;&nbsp;&nbsp;&nbsp;&nbsp; Salientamos que o governo municipal\nantecipou medidas preventivas de atendimento se necess\u00e1rio fosse com a cria\u00e7\u00e3o\nde um grupo de monitoramento do novo Coronav\u00edrus, bem como capacitando e orientando\nprofissionais de sa\u00fade.<\/p>\n\n\n\n<p>&nbsp;&nbsp;&nbsp;&nbsp;&nbsp;&nbsp;&nbsp;&nbsp;&nbsp;&nbsp; Com o surgimento de um caso suspeito\nas equipes est\u00e3o em alerta redobrados, mas que n\u00e3o existe motivos para p\u00e2nico\npor parte dos mun\u00edcipes, todas as informa\u00e7\u00f5es ser\u00e3o repassadas a comunidade\natrav\u00e9s&nbsp; de comunicados oficiais, n\u00e3o\nsendo reconhecidas falas e ou postagens isoladas em redes e m\u00eddias sociais.<\/p>\n\n\n\n<p>&nbsp;&nbsp;&nbsp;&nbsp;&nbsp;&nbsp;&nbsp;&nbsp;&nbsp;&nbsp;&nbsp;&nbsp;&nbsp;&nbsp;&nbsp;&nbsp;&nbsp;&nbsp;&nbsp;&nbsp;&nbsp;&nbsp;&nbsp;&nbsp;&nbsp;&nbsp;&nbsp;&nbsp;&nbsp;&nbsp;&nbsp;&nbsp;&nbsp;&nbsp;&nbsp;&nbsp; &nbsp;Santa Rosa,02 de mar\u00e7o de 2020.&nbsp;&nbsp;&nbsp;&nbsp;&nbsp;&nbsp; <\/p>\n\n\n\n<p>Alice Klein&nbsp;&nbsp;&nbsp;&nbsp;&nbsp;&nbsp;&nbsp;&nbsp;&nbsp;&nbsp;&nbsp;&nbsp;&nbsp;&nbsp;&nbsp;&nbsp;&nbsp;&nbsp;&nbsp;&nbsp;&nbsp;&nbsp;&nbsp;&nbsp;&nbsp;&nbsp;&nbsp;&nbsp;&nbsp;&nbsp;&nbsp;&nbsp;&nbsp;&nbsp;&nbsp;&nbsp;&nbsp;&nbsp;&nbsp;&nbsp;&nbsp; &nbsp;&nbsp;&nbsp;&nbsp;&nbsp;&nbsp;&nbsp;&nbsp;&nbsp;&nbsp;&nbsp;&nbsp;&nbsp;&nbsp;&nbsp;&nbsp;&nbsp;&nbsp;&nbsp;&nbsp;&nbsp;&nbsp;&nbsp;&nbsp;D\u00e9lcio Stefan<\/p>\n\n\n\n<p>Diretora de Aten\u00e7\u00e3o Prim\u00e1ria&nbsp;&nbsp;&nbsp;&nbsp;&nbsp;&nbsp;&nbsp;&nbsp;&nbsp;&nbsp;&nbsp;&nbsp;&nbsp;&nbsp;&nbsp;&nbsp;&nbsp;&nbsp;&nbsp;&nbsp;&nbsp;&nbsp;&nbsp;&nbsp;&nbsp;&nbsp;&nbsp;&nbsp;&nbsp;&nbsp;&nbsp;&nbsp; Presidente da\nFUMSSAR<\/p>\n","protected":false},"excerpt":{"rendered":"<p>&nbsp;&nbsp;&nbsp;&nbsp;&nbsp;&nbsp;&nbsp;&nbsp;&nbsp; A &nbsp;FUMSSAR vem atrav\u00e9s do presente comunicar a &nbsp;popula\u00e7\u00e3o em geral que nesta data&#8230;<\/p>\n","protected":false},"author":11,"featured_media":14164,"comment_status":"open","ping_status":"open","sticky":false,"template":"","format":"standard","meta":{"footnotes":""},"categories":[2],"tags":[],"_links":{"self":[{"href":"https:\/\/www.fumssar.com.br\/index.php?rest_route=\/wp\/v2\/posts\/14163"}],"collection":[{"href":"https:\/\/www.fumssar.com.br\/index.php?rest_route=\/wp\/v2\/posts"}],"about":[{"href":"https:\/\/www.fumssar.com.br\/index.php?rest_route=\/wp\/v2\/types\/post"}],"author":[{"embeddable":true,"href":"https:\/\/www.fumssar.com.br\/index.php?rest_route=\/wp\/v2\/users\/11"}],"replies":[{"embeddable":true,"href":"https:\/\/www.fumssar.com.br\/index.php?rest_route=%2Fwp%2Fv2%2Fcomments&post=14163"}],"version-history":[{"count":1,"href":"https:\/\/www.fumssar.com.br\/index.php?rest_route=\/wp\/v2\/posts\/14163\/revisions"}],"predecessor-version":[{"id":14165,"href":"https:\/\/www.fumssar.com.br\/index.php?rest_route=\/wp\/v2\/posts\/14163\/revisions\/14165"}],"wp:featuredmedia":[{"embeddable":true,"href":"https:\/\/www.fumssar.com.br\/index.php?rest_route=\/wp\/v2\/media\/14164"}],"wp:attachment":[{"href":"https:\/\/www.fumssar.com.br\/index.php?rest_route=%2Fwp%2Fv2%2Fmedia&parent=14163"}],"wp:term":[{"taxonomy":"category","embeddable":true,"href":"https:\/\/www.fumssar.com.br\/index.php?rest_route=%2Fwp%2Fv2%2Fcategories&post=14163"},{"taxonomy":"post_tag","embeddable":true,"href":"https:\/\/www.fumssar.com.br\/index.php?rest_route=%2Fwp%2Fv2%2Ftags&post=14163"}],"curies":[{"name":"wp","href":"https:\/\/api.w.org\/{rel}","templated":true}]}}