{"id":1412,"date":"2014-04-16T20:21:29","date_gmt":"2014-04-16T20:21:29","guid":{"rendered":"http:\/\/www.fumssar.com.br\/?p=1412"},"modified":"2024-10-07T16:36:20","modified_gmt":"2024-10-07T19:36:20","slug":"vacina-contra-a-gripe-influenza-inicia-dia-23-em-santa-rosa","status":"publish","type":"post","link":"https:\/\/www.fumssar.com.br\/?p=1412","title":{"rendered":"Vacina contra a Gripe Influenza inicia dia 23 em Santa Rosa"},"content":{"rendered":"<p>A Vacina\u00e7\u00e3o contra a Gripe Influenza  ter\u00e1 in\u00edcio na pr\u00f3xima quarta-feira(23) e se estender\u00e1 at\u00e9 o dia 10 de maio, tendo como dia  \u201cD\u201d o Dia de Mobiliza\u00e7\u00e3o Nacional o s\u00e1bado dia 26\/4. Neste per\u00edodo as pessoas que pertencem ao grupo de risco dever\u00e3o procurar as unidades b\u00e1sicas de sa\u00fade para receberem a dose da vacina. Este ano o ser\u00e3o vacinadas  tamb\u00e9m crian\u00e7as de 2 a 4 anos 11 meses e 29 dias que nos anos anteriores n\u00e3o receberam a vacina. No ano passado foram vacinados  18320 pessoas em Santa  Rosa e este ano este n\u00famero  deve aumentar a FUMSSAR  tem ainda a confirma\u00e7\u00e3o do n\u00famero de doses que ser\u00e1 disponibilizada  ao munic\u00edpio.<br \/>\nA vacina este ano conforme orienta a OMS ir\u00e1 proteger contra tr\u00eas subtipos de v\u00edrus(A\/H1N1;A\/H3N2 e Influenza B). O Presidente da FUMSSAR Dr. Luis Ant\u00f4nio Benvegn\u00fa  a vacina\u00e7\u00e3o deve diminuir muito as interna\u00e7\u00f5es no per\u00edodo de inverno por pessoas que contraem  pneumonias, bem como demais doen\u00e7as respirat\u00f3rias.<\/p>\n","protected":false},"excerpt":{"rendered":"<p>A Vacina\u00e7\u00e3o contra a Gripe Influenza ter\u00e1 in\u00edcio na pr\u00f3xima quarta-feira(23) e se estender\u00e1 at\u00e9&#8230;<\/p>\n","protected":false},"author":11,"featured_media":1413,"comment_status":"open","ping_status":"open","sticky":false,"template":"","format":"standard","meta":{"footnotes":""},"categories":[2],"tags":[],"_links":{"self":[{"href":"https:\/\/www.fumssar.com.br\/index.php?rest_route=\/wp\/v2\/posts\/1412"}],"collection":[{"href":"https:\/\/www.fumssar.com.br\/index.php?rest_route=\/wp\/v2\/posts"}],"about":[{"href":"https:\/\/www.fumssar.com.br\/index.php?rest_route=\/wp\/v2\/types\/post"}],"author":[{"embeddable":true,"href":"https:\/\/www.fumssar.com.br\/index.php?rest_route=\/wp\/v2\/users\/11"}],"replies":[{"embeddable":true,"href":"https:\/\/www.fumssar.com.br\/index.php?rest_route=%2Fwp%2Fv2%2Fcomments&post=1412"}],"version-history":[{"count":1,"href":"https:\/\/www.fumssar.com.br\/index.php?rest_route=\/wp\/v2\/posts\/1412\/revisions"}],"predecessor-version":[{"id":1414,"href":"https:\/\/www.fumssar.com.br\/index.php?rest_route=\/wp\/v2\/posts\/1412\/revisions\/1414"}],"wp:featuredmedia":[{"embeddable":true,"href":"https:\/\/www.fumssar.com.br\/index.php?rest_route=\/wp\/v2\/media\/1413"}],"wp:attachment":[{"href":"https:\/\/www.fumssar.com.br\/index.php?rest_route=%2Fwp%2Fv2%2Fmedia&parent=1412"}],"wp:term":[{"taxonomy":"category","embeddable":true,"href":"https:\/\/www.fumssar.com.br\/index.php?rest_route=%2Fwp%2Fv2%2Fcategories&post=1412"},{"taxonomy":"post_tag","embeddable":true,"href":"https:\/\/www.fumssar.com.br\/index.php?rest_route=%2Fwp%2Fv2%2Ftags&post=1412"}],"curies":[{"name":"wp","href":"https:\/\/api.w.org\/{rel}","templated":true}]}}