{"id":14060,"date":"2020-02-18T16:41:42","date_gmt":"2020-02-18T19:41:42","guid":{"rendered":"http:\/\/www.fumssar.com.br\/?p=14060"},"modified":"2024-10-07T16:34:54","modified_gmt":"2024-10-07T19:34:54","slug":"fumssar-levara-orientacoes-aos-folioes-no-carnaval","status":"publish","type":"post","link":"https:\/\/www.fumssar.com.br\/?p=14060","title":{"rendered":"FUMSSAR  levar\u00e1 orienta\u00e7\u00f5es aos foli\u00f5es no carnaval"},"content":{"rendered":"\n<p>A Funda\u00e7\u00e3o Municipal de Sa\u00fade de Santa Rosa-FUMSSAR , estar\u00e1 realizando\na\u00e7\u00e3o voltada aos foli\u00f5es que ir\u00e3o desfrutar das festas carnavalescas em Santa Rosa.\nO Servi\u00e7o de Atendimento Especializado do munic\u00edpio, (SAE) estar\u00e1 no final da\ntarde de &nbsp;&nbsp;sexta-feira, 21 &nbsp;com uma equipe de profissionais visitando os\nlocais de blocos e grupos que ir\u00e3o brincar nas noites do carnaval.<\/p>\n\n\n\n<p>&nbsp;&nbsp;&nbsp;&nbsp;&nbsp;&nbsp;&nbsp;&nbsp;&nbsp;&nbsp;&nbsp; &nbsp;Na visita a equipe levar\u00e1 materiais explicativos\nsobre DSTs e AIDS, bem como o consumo de bebidas alco\u00f3licas e suas\nconsequ\u00eancias. O diretor da Rede Complementar Janu\u00e1rio Vargas frisou que a a\u00e7\u00e3o\nfaz parte do servi\u00e7o preventivo de sa\u00fade do munic\u00edpio e, que a FUMSSAR estar\u00e1\nintensificando no per\u00edodo festivo as informa\u00e7\u00f5es. Segundo o diretor a rede de\nsa\u00fade est\u00e1 sempre ativa e prevenindo, mas que &nbsp;o per\u00edodo \u00e9 muito sugestivo para que excessos\nsejam cometidos durante as festas. <\/p>\n\n\n\n<p>&nbsp;&nbsp;&nbsp;&nbsp;&nbsp;&nbsp;&nbsp;&nbsp;&nbsp;&nbsp;&nbsp; O HEMOCENTRO\nRegional mant\u00e9m seu estoque de sangue de forma regular tendo em vista as\nparcerias firmadas com empresas, entidades e &nbsp;doadores fidelizados, n\u00e3o havendo a\nnecessidade de mobiliza\u00e7\u00e3o para o per\u00edodo de carnaval.<\/p>\n\n\n\n<p>&nbsp;&nbsp;&nbsp;&nbsp;&nbsp;&nbsp;&nbsp;&nbsp;&nbsp;&nbsp;&nbsp; A FUMSSAR\nsolicita aos integrantes de blocos e grupos para reunirem-se na quarta-feira, 19\n\u00e0s 16 horas no SAE para tratativas a respeito da campanha que ser\u00e1 deflagrada.&nbsp;  <\/p>\n","protected":false},"excerpt":{"rendered":"<p>A Funda\u00e7\u00e3o Municipal de Sa\u00fade de Santa Rosa-FUMSSAR , estar\u00e1 realizando a\u00e7\u00e3o voltada aos foli\u00f5es&#8230;<\/p>\n","protected":false},"author":11,"featured_media":12944,"comment_status":"open","ping_status":"open","sticky":false,"template":"","format":"standard","meta":{"footnotes":""},"categories":[2],"tags":[],"_links":{"self":[{"href":"https:\/\/www.fumssar.com.br\/index.php?rest_route=\/wp\/v2\/posts\/14060"}],"collection":[{"href":"https:\/\/www.fumssar.com.br\/index.php?rest_route=\/wp\/v2\/posts"}],"about":[{"href":"https:\/\/www.fumssar.com.br\/index.php?rest_route=\/wp\/v2\/types\/post"}],"author":[{"embeddable":true,"href":"https:\/\/www.fumssar.com.br\/index.php?rest_route=\/wp\/v2\/users\/11"}],"replies":[{"embeddable":true,"href":"https:\/\/www.fumssar.com.br\/index.php?rest_route=%2Fwp%2Fv2%2Fcomments&post=14060"}],"version-history":[{"count":1,"href":"https:\/\/www.fumssar.com.br\/index.php?rest_route=\/wp\/v2\/posts\/14060\/revisions"}],"predecessor-version":[{"id":14061,"href":"https:\/\/www.fumssar.com.br\/index.php?rest_route=\/wp\/v2\/posts\/14060\/revisions\/14061"}],"wp:featuredmedia":[{"embeddable":true,"href":"https:\/\/www.fumssar.com.br\/index.php?rest_route=\/wp\/v2\/media\/12944"}],"wp:attachment":[{"href":"https:\/\/www.fumssar.com.br\/index.php?rest_route=%2Fwp%2Fv2%2Fmedia&parent=14060"}],"wp:term":[{"taxonomy":"category","embeddable":true,"href":"https:\/\/www.fumssar.com.br\/index.php?rest_route=%2Fwp%2Fv2%2Fcategories&post=14060"},{"taxonomy":"post_tag","embeddable":true,"href":"https:\/\/www.fumssar.com.br\/index.php?rest_route=%2Fwp%2Fv2%2Ftags&post=14060"}],"curies":[{"name":"wp","href":"https:\/\/api.w.org\/{rel}","templated":true}]}}