{"id":13977,"date":"2020-02-13T17:24:01","date_gmt":"2020-02-13T20:24:01","guid":{"rendered":"http:\/\/www.fumssar.com.br\/?p=13977"},"modified":"2024-10-07T16:34:54","modified_gmt":"2024-10-07T19:34:54","slug":"empossado-novo-diretor-na-fumssar","status":"publish","type":"post","link":"https:\/\/www.fumssar.com.br\/?p=13977","title":{"rendered":"Empossado novo Diretor na FUMSSAR"},"content":{"rendered":"\n<p>Empossado o novo Diretor da Gest\u00e3o da Rede Complementar da Funda\u00e7\u00e3o\nMunicipal de Sa\u00fade de Santa Rosa-FUMSSAR. Janu\u00e1rio Vargas, 31 anos \u00e9 formado em\nDireito &nbsp;e esta cursando P\u00f3s-gradua\u00e7\u00e3o em\ngest\u00e3o P\u00fablica Municipal.<\/p>\n\n\n\n<p>&nbsp;A posse ocorreu nesta quinta-feira, 13 onde o novo\ndiretor recebeu a portaria de nomea\u00e7\u00e3o do Presidente substituto, Rog\u00e9rio Silva\nSantos acompanhado pelos diretores Alice Klein e Ademir Rosa.<\/p>\n\n\n\n<p>A Fun\u00e7\u00e3o atende todos os servi\u00e7os\nespecializados de sa\u00fade do munic\u00edpio.<\/p>\n","protected":false},"excerpt":{"rendered":"<p>Empossado o novo Diretor da Gest\u00e3o da Rede Complementar da Funda\u00e7\u00e3o Municipal de Sa\u00fade de&#8230;<\/p>\n","protected":false},"author":11,"featured_media":13978,"comment_status":"open","ping_status":"open","sticky":false,"template":"","format":"standard","meta":{"footnotes":""},"categories":[2],"tags":[],"_links":{"self":[{"href":"https:\/\/www.fumssar.com.br\/index.php?rest_route=\/wp\/v2\/posts\/13977"}],"collection":[{"href":"https:\/\/www.fumssar.com.br\/index.php?rest_route=\/wp\/v2\/posts"}],"about":[{"href":"https:\/\/www.fumssar.com.br\/index.php?rest_route=\/wp\/v2\/types\/post"}],"author":[{"embeddable":true,"href":"https:\/\/www.fumssar.com.br\/index.php?rest_route=\/wp\/v2\/users\/11"}],"replies":[{"embeddable":true,"href":"https:\/\/www.fumssar.com.br\/index.php?rest_route=%2Fwp%2Fv2%2Fcomments&post=13977"}],"version-history":[{"count":1,"href":"https:\/\/www.fumssar.com.br\/index.php?rest_route=\/wp\/v2\/posts\/13977\/revisions"}],"predecessor-version":[{"id":13979,"href":"https:\/\/www.fumssar.com.br\/index.php?rest_route=\/wp\/v2\/posts\/13977\/revisions\/13979"}],"wp:featuredmedia":[{"embeddable":true,"href":"https:\/\/www.fumssar.com.br\/index.php?rest_route=\/wp\/v2\/media\/13978"}],"wp:attachment":[{"href":"https:\/\/www.fumssar.com.br\/index.php?rest_route=%2Fwp%2Fv2%2Fmedia&parent=13977"}],"wp:term":[{"taxonomy":"category","embeddable":true,"href":"https:\/\/www.fumssar.com.br\/index.php?rest_route=%2Fwp%2Fv2%2Fcategories&post=13977"},{"taxonomy":"post_tag","embeddable":true,"href":"https:\/\/www.fumssar.com.br\/index.php?rest_route=%2Fwp%2Fv2%2Ftags&post=13977"}],"curies":[{"name":"wp","href":"https:\/\/api.w.org\/{rel}","templated":true}]}}