{"id":13971,"date":"2020-02-13T10:07:58","date_gmt":"2020-02-13T13:07:58","guid":{"rendered":"http:\/\/www.fumssar.com.br\/?p=13971"},"modified":"2024-10-07T16:34:54","modified_gmt":"2024-10-07T19:34:54","slug":"nova-medica-assume-na-fumssar","status":"publish","type":"post","link":"https:\/\/www.fumssar.com.br\/?p=13971","title":{"rendered":"Nova m\u00e9dica assume na FUMSSAR"},"content":{"rendered":"\n<p>Atendendo a convoca\u00e7\u00e3o&nbsp; da FUMSSAR,&nbsp; a&nbsp; Dr\u00aa.\nAdriana Maria de Almeida, m\u00e9dica clinica geral III assumiu na quinta-feira, 13 vaga\ncomo primeira colocada no concurso p\u00fablico para o provimento de cargos na\nfun\u00e7\u00e3o.<\/p>\n\n\n\n<p>&nbsp;O &nbsp;governo municipal atrav\u00e9s da FUMSSAR chamou\nquatro profissionais para o preenchimento de vagas existentes e aguarda a\nmanifesta\u00e7\u00e3o dos convocados. A expectativa \u00e9 de que at\u00e9 a primeira quinzena de\nmar\u00e7o as vagas sejam preenchidas. A Dr\u00aa. Adriana ir\u00e1 atuar na UBS Planalto, no\nmomento de sua posse o Presidente substituto da FUMSSAR, Rog\u00e9rio Silva Santos\ndeu as boas vindas a profissional desejando muito \u00eaxito no desempenho de suas\nfun\u00e7\u00f5es e que a nova profissional passa a compor o quadro de servidores\nqualificados que buscam um atendimento mais humanizado buscando sempre a\nmelhoria na qualidade de vida dos usu\u00e1rios do Sistema P\u00fablico de Sa\u00fade do\nMunic\u00edpio.<\/p>\n\n\n\n<p>Participaram do ato de assinatura da posse e acolhida da Dr\u00aa. &nbsp;Adriana a diretora de aten\u00e7\u00e3o prim\u00e1ria Alice\nKlein e a gerente de recursos humanos M\u00f4nica Cardoso.<\/p>\n","protected":false},"excerpt":{"rendered":"<p>Atendendo a convoca\u00e7\u00e3o&nbsp; da FUMSSAR,&nbsp; a&nbsp; Dr\u00aa. Adriana Maria de Almeida, m\u00e9dica clinica geral III&#8230;<\/p>\n","protected":false},"author":11,"featured_media":13972,"comment_status":"open","ping_status":"open","sticky":false,"template":"","format":"standard","meta":{"footnotes":""},"categories":[2],"tags":[],"_links":{"self":[{"href":"https:\/\/www.fumssar.com.br\/index.php?rest_route=\/wp\/v2\/posts\/13971"}],"collection":[{"href":"https:\/\/www.fumssar.com.br\/index.php?rest_route=\/wp\/v2\/posts"}],"about":[{"href":"https:\/\/www.fumssar.com.br\/index.php?rest_route=\/wp\/v2\/types\/post"}],"author":[{"embeddable":true,"href":"https:\/\/www.fumssar.com.br\/index.php?rest_route=\/wp\/v2\/users\/11"}],"replies":[{"embeddable":true,"href":"https:\/\/www.fumssar.com.br\/index.php?rest_route=%2Fwp%2Fv2%2Fcomments&post=13971"}],"version-history":[{"count":1,"href":"https:\/\/www.fumssar.com.br\/index.php?rest_route=\/wp\/v2\/posts\/13971\/revisions"}],"predecessor-version":[{"id":13973,"href":"https:\/\/www.fumssar.com.br\/index.php?rest_route=\/wp\/v2\/posts\/13971\/revisions\/13973"}],"wp:featuredmedia":[{"embeddable":true,"href":"https:\/\/www.fumssar.com.br\/index.php?rest_route=\/wp\/v2\/media\/13972"}],"wp:attachment":[{"href":"https:\/\/www.fumssar.com.br\/index.php?rest_route=%2Fwp%2Fv2%2Fmedia&parent=13971"}],"wp:term":[{"taxonomy":"category","embeddable":true,"href":"https:\/\/www.fumssar.com.br\/index.php?rest_route=%2Fwp%2Fv2%2Fcategories&post=13971"},{"taxonomy":"post_tag","embeddable":true,"href":"https:\/\/www.fumssar.com.br\/index.php?rest_route=%2Fwp%2Fv2%2Ftags&post=13971"}],"curies":[{"name":"wp","href":"https:\/\/api.w.org\/{rel}","templated":true}]}}