{"id":13962,"date":"2020-02-07T23:39:50","date_gmt":"2020-02-08T02:39:50","guid":{"rendered":"http:\/\/www.fumssar.com.br\/?p=13962"},"modified":"2024-10-07T16:34:54","modified_gmt":"2024-10-07T19:34:54","slug":"inscricoes-para-a-selecao-publica-enceram-se-na-segunda-feira-10-2","status":"publish","type":"post","link":"https:\/\/www.fumssar.com.br\/?p=13962","title":{"rendered":"Inscri\u00e7\u00f5es para a sele\u00e7\u00e3o p\u00fablica enceram-se na segunda-feira 10\/2"},"content":{"rendered":"\n<p>\n&nbsp;Encerram-se na pr\u00f3xima segunda-feira 10\nas inscri\u00e7\u00f5es \nda\nsele\u00e7\u00e3o\np\u00fablica para a contrata\u00e7\u00e3o emergencial tempor\u00e1ria de\nprofissionais para a Funda\u00e7\u00e3o Municipal de Sa\u00fade de Santa\nRosa-FUMSSAR. Os cargos dispon\u00edveis s\u00e3o de: Psic\u00f3logo, Enfermeiro,\nNutricionista, Fonoaudi\u00f3logo e T\u00e9cnico em Enfermagem. Os\nvencimentos b\u00e1sicos v\u00e3o de R$ 2.209,14 a R$ 4.139,66 conforme a\nfun\u00e7\u00e3o para o regime de 40 horas semanais.<\/p>\n\n\n\n<p>Para\nefetuar a inscri\u00e7\u00e3o o candidato dever\u00e1 comparecer na Se\u00e7\u00e3o de\nPessoal da FUMSSAR e entregar curr\u00edculo  e c\u00f3pia  de t\u00edtulos.\nLembramos\nque os\ncontratos poder\u00e3o de firmados pelo per\u00edodo de at\u00e9 01 (um) ano\ncontado da assinatura do Contrato Tempor\u00e1rio a ser celebrado entre o\nselecionado e a administra\u00e7\u00e3o\nmunicipal. \u00c8 importante que o candidato leia o \nedital completo  que\nest\u00e1\ndispon\u00edvel no endere\u00e7o eletr\u00f4nico da FUMSSAR (<a href=\"http:\/\/www.fumssar.com.br\/\">www.fumssar.com.br<\/a>).\n A vig\u00eancia do processo seletivo simplificado \u00e9 tamb\u00e9m de 1 (um)\nano e ir\u00e1 suprir as vagas necess\u00e1rias temporariamente at\u00e9\nconclus\u00e3o de concurso p\u00fablico a\nser elaborado pelo Governo municipal atrav\u00e9s da FUMSSAR.<\/p>\n\n\n\n<p>N\u00e3o\nh\u00e1 necessidade dos candidatos autenticarem os documentos pois isto\nser\u00e1 realizada pelo servidores diante da f\u00e9 p\u00fablica.<\/p>\n","protected":false},"excerpt":{"rendered":"<p>&nbsp;Encerram-se na pr\u00f3xima segunda-feira 10 as inscri\u00e7\u00f5es da sele\u00e7\u00e3o p\u00fablica para a contrata\u00e7\u00e3o emergencial tempor\u00e1ria&#8230;<\/p>\n","protected":false},"author":11,"featured_media":12944,"comment_status":"open","ping_status":"open","sticky":false,"template":"","format":"standard","meta":{"footnotes":""},"categories":[2],"tags":[],"_links":{"self":[{"href":"https:\/\/www.fumssar.com.br\/index.php?rest_route=\/wp\/v2\/posts\/13962"}],"collection":[{"href":"https:\/\/www.fumssar.com.br\/index.php?rest_route=\/wp\/v2\/posts"}],"about":[{"href":"https:\/\/www.fumssar.com.br\/index.php?rest_route=\/wp\/v2\/types\/post"}],"author":[{"embeddable":true,"href":"https:\/\/www.fumssar.com.br\/index.php?rest_route=\/wp\/v2\/users\/11"}],"replies":[{"embeddable":true,"href":"https:\/\/www.fumssar.com.br\/index.php?rest_route=%2Fwp%2Fv2%2Fcomments&post=13962"}],"version-history":[{"count":1,"href":"https:\/\/www.fumssar.com.br\/index.php?rest_route=\/wp\/v2\/posts\/13962\/revisions"}],"predecessor-version":[{"id":13963,"href":"https:\/\/www.fumssar.com.br\/index.php?rest_route=\/wp\/v2\/posts\/13962\/revisions\/13963"}],"wp:featuredmedia":[{"embeddable":true,"href":"https:\/\/www.fumssar.com.br\/index.php?rest_route=\/wp\/v2\/media\/12944"}],"wp:attachment":[{"href":"https:\/\/www.fumssar.com.br\/index.php?rest_route=%2Fwp%2Fv2%2Fmedia&parent=13962"}],"wp:term":[{"taxonomy":"category","embeddable":true,"href":"https:\/\/www.fumssar.com.br\/index.php?rest_route=%2Fwp%2Fv2%2Fcategories&post=13962"},{"taxonomy":"post_tag","embeddable":true,"href":"https:\/\/www.fumssar.com.br\/index.php?rest_route=%2Fwp%2Fv2%2Ftags&post=13962"}],"curies":[{"name":"wp","href":"https:\/\/api.w.org\/{rel}","templated":true}]}}