{"id":13946,"date":"2020-02-08T08:00:01","date_gmt":"2020-02-08T11:00:01","guid":{"rendered":"http:\/\/www.fumssar.com.br\/?p=13946"},"modified":"2020-02-07T16:28:58","modified_gmt":"2020-02-07T19:28:58","slug":"edital-de-convocacao-no-01-2020","status":"publish","type":"post","link":"https:\/\/www.fumssar.com.br\/?p=13946","title":{"rendered":"EDITAL DE CONVOCA\u00c7\u00c3O N\u00ba 01\/2020"},"content":{"rendered":"\n<p>EDITAL DE CONVOCA\u00c7\u00c3O N\u00ba 01\/2020<br> O Presidente da Funda\u00e7\u00e3o Municipal de Sa\u00fade de Santa Rosa, no uso de suas atribui\u00e7\u00f5es legais comunica que dever\u00e1 (\u00e3o) comparecer na Funda\u00e7\u00e3o Municipal da Sa\u00fade, sito \u00e0 Rua Dr. Francisco Timm, n\u00ba 480, para assumir vaga (s) para provimento (s) de cargo(s), conforme segue abaixo, de acordo com o Concurso P\u00fablico. Informa ainda que se o (os) candidato(s) n\u00e3o se apresentar (em) no prazo m\u00e1ximo de 15 (quinze) dias ap\u00f3s esta publica\u00e7\u00e3o, ser\u00e1 (\u00e3o) considerado (s) desistente (s) tacitamente.<br> Concurso P\u00fablico n\u00ba 01\/2019<br> M\u00c9DICO CL\u00cdNICO GERAL III<br> ADRIANA MARIA DE ALMEIDA (01\u00aa coloca\u00e7\u00e3o)<br> KELI CIELO (02\u00aa coloca\u00e7\u00e3o)<br> FELIPE WELTER LANGER (03\u00aa coloca\u00e7\u00e3o)<br> DANI MITCHEL GLITZKE (04\u00aa coloca\u00e7\u00e3o)<br> GABINETE DO PRESIDENTE DA FUNDA\u00c7\u00c3O MUNICIPAL DE SA\u00daDE DE SANTA ROSA, 08 DE FEVEREIRO DE 2020.<br> D\u00c9LCIO STEFAN<br> Presidente da FUMSSAR<br> ROG\u00c9RIO SILVA DOS SANTOS<\/p>\n\n\n\n<div class=\"wp-block-file\"><a href=\"http:\/\/www.fumssar.com.br\/wp-content\/uploads\/2020\/02\/Edital-de-convoca\u00e7\u00e3o-01.2020.pdf\">Edital-de-convoca\u00e7\u00e3o-01.2020<\/a><a href=\"http:\/\/www.fumssar.com.br\/wp-content\/uploads\/2020\/02\/Edital-de-convoca\u00e7\u00e3o-01.2020.pdf\" class=\"wp-block-file__button\" download>Baixar<\/a><\/div>\n","protected":false},"excerpt":{"rendered":"<p>EDITAL DE CONVOCA\u00c7\u00c3O N\u00ba 01\/2020 O Presidente da Funda\u00e7\u00e3o Municipal de Sa\u00fade de Santa Rosa,&#8230;<\/p>\n","protected":false},"author":24,"featured_media":0,"comment_status":"open","ping_status":"open","sticky":false,"template":"","format":"standard","meta":{"footnotes":""},"categories":[1],"tags":[],"_links":{"self":[{"href":"https:\/\/www.fumssar.com.br\/index.php?rest_route=\/wp\/v2\/posts\/13946"}],"collection":[{"href":"https:\/\/www.fumssar.com.br\/index.php?rest_route=\/wp\/v2\/posts"}],"about":[{"href":"https:\/\/www.fumssar.com.br\/index.php?rest_route=\/wp\/v2\/types\/post"}],"author":[{"embeddable":true,"href":"https:\/\/www.fumssar.com.br\/index.php?rest_route=\/wp\/v2\/users\/24"}],"replies":[{"embeddable":true,"href":"https:\/\/www.fumssar.com.br\/index.php?rest_route=%2Fwp%2Fv2%2Fcomments&post=13946"}],"version-history":[{"count":1,"href":"https:\/\/www.fumssar.com.br\/index.php?rest_route=\/wp\/v2\/posts\/13946\/revisions"}],"predecessor-version":[{"id":13948,"href":"https:\/\/www.fumssar.com.br\/index.php?rest_route=\/wp\/v2\/posts\/13946\/revisions\/13948"}],"wp:attachment":[{"href":"https:\/\/www.fumssar.com.br\/index.php?rest_route=%2Fwp%2Fv2%2Fmedia&parent=13946"}],"wp:term":[{"taxonomy":"category","embeddable":true,"href":"https:\/\/www.fumssar.com.br\/index.php?rest_route=%2Fwp%2Fv2%2Fcategories&post=13946"},{"taxonomy":"post_tag","embeddable":true,"href":"https:\/\/www.fumssar.com.br\/index.php?rest_route=%2Fwp%2Fv2%2Ftags&post=13946"}],"curies":[{"name":"wp","href":"https:\/\/api.w.org\/{rel}","templated":true}]}}