{"id":13936,"date":"2020-01-31T09:40:46","date_gmt":"2020-01-31T12:40:46","guid":{"rendered":"http:\/\/www.fumssar.com.br\/?p=13936"},"modified":"2024-10-07T16:34:55","modified_gmt":"2024-10-07T19:34:55","slug":"promotor-marcelo-squarca-visitou-as-futuras-instalacoes-do-residencial-terapeutico","status":"publish","type":"post","link":"https:\/\/www.fumssar.com.br\/?p=13936","title":{"rendered":"Promotor Marcelo Squar\u00e7a visitou as futuras instala\u00e7\u00f5es do Residencial Terap\u00eautico"},"content":{"rendered":"\n<p>&nbsp;&nbsp;&nbsp;&nbsp;&nbsp;&nbsp;&nbsp;&nbsp;&nbsp;&nbsp;&nbsp; Na\ntarde de ter\u00e7a-feira 28 foi realizada uma visita nas futuras instala\u00e7\u00f5es do\nResidencial Terap\u00eautico que ser\u00e1 implantado no munic\u00edpio&nbsp; em breve. O Promotor de Justi\u00e7a Dr. Marcelo\nSquar\u00e7a esteve no local acompanhado do diretor de Gest\u00e3o Estrat\u00e9gica da\nFUMSSAR, Ademir Rosa e da Servidora da 14\u00aa CRS Laisa Bortolini verificando as\ncondi\u00e7\u00f5es da edifica\u00e7\u00e3o&nbsp; que passou por\nreformas e adequa\u00e7\u00f5es para abrigar o novo servi\u00e7o.<\/p>\n\n\n\n<p>O que \u00e9 um residencial terap\u00eautico?<\/p>\n\n\n\n<p>O Servi\u00e7o Residencial Terap\u00eautico (SRT) ou\nresid\u00eancia terap\u00eautica \u00e9 simplesmente uma &#8220;moradia&#8221;, ou seja, s\u00e3o\ncasas localizadas no espa\u00e7o urbano, constitu\u00eddas para responder \u00e0s necessidades\nde moradia de pessoas portadoras de transtornos mentais, institucionalizadas ou\nn\u00e3o.<\/p>\n\n\n\n<p>&nbsp;Tendo\nassim a necessidade de assegurar adequado atendimento a estas pessoas e com\naus\u00eancia de servi\u00e7o desta natureza no Munic\u00edpio de Santa Rosa, desencadeou uma\niniciativa do Minist\u00e9rio P\u00fablico em implementar uma unidade de Servi\u00e7o\nResidencial Terap\u00eautico nesta Cidade. Diante desta necessidade, o projeto iniciou\nem uma conversa com o ent\u00e3o Presidente da Funda\u00e7\u00e3o Anderson Mantei e o Promotor\nDr. Marcelo Squar\u00e7a. Ap\u00f3s a inaugura\u00e7\u00e3o do pr\u00e9dio novo da UBS da Agr\u00edcola, foi\niniciado o projeto de adequa\u00e7\u00e3o do local, o qual foi coordenado pelo\nDepartamento de Gest\u00e3o Estrat\u00e9gica da FUMSSAR, com a participa\u00e7\u00e3o efetiva da\nequipe do Planejamento da prefeitura, da Promotoria P\u00fablica e do Conselho da\nComunidade.<\/p>\n\n\n\n<p>&nbsp;O\nPromotor Dr. Marcelo Squar\u00e7a salienta que ap\u00f3s a inaugura\u00e7\u00e3o, o servi\u00e7o poder\u00e1\natender pessoas de Santa Rosa que hoje se encontram em munic\u00edpios da regi\u00e3o\nmetropolitana do Estado, distantes de suas fam\u00edlias, contribuindo para sua\nreinser\u00e7\u00e3o social e familiar e tamb\u00e9m poder\u00e1 atender pessoas que est\u00e3o em\nacompanhamento aqui na nossa cidade. \u201cO local foi adequado com recursos\ndisponibilizados pelo Minist\u00e9rio P\u00fablico, em importe superior a R$ 100.000,00\n(cem mil reais), valor oriundo de acordo judicial celebrado pela Promotoria de\nJusti\u00e7a C\u00edvel com estabelecimento comercial de Santa Rosa\u201d diz Squar\u00e7a.<\/p>\n\n\n\n<p>Para Ademir Rosa, Diretor de Gest\u00e3o\nEstrat\u00e9gica da FUMSSAR, a implanta\u00e7\u00e3o do novo servi\u00e7o \u00e9 um passo importante para\na inser\u00e7\u00e3o e ressocializa\u00e7\u00e3o destas pessoas e, vem ao encontro do que a Gest\u00e3o\nbusca de aperfei\u00e7oamento nos servi\u00e7os de sa\u00fade. \u201c\u00c9 importante ressaltar que o projeto tramitou desde em Mar\u00e7o\/19, quando foi cadastrado a\nproposta, sendo que em julho\/19, aproveitamos uma agenda de outros assuntos em\nBras\u00edlia, juntamente com o Vice Prefeito Lu\u00eds Ant\u00f4nio Benvegnu, fomos no\nMinist\u00e9rio da Sa\u00fade e destravamos o processo, o qual foi aprovado no final de\noutubro e publicado no di\u00e1rio oficial em dezembro, diz Ademir\u201d.<\/p>\n\n\n\n<p>&nbsp;&nbsp;&nbsp;&nbsp;&nbsp;&nbsp;&nbsp;&nbsp;&nbsp;&nbsp;&nbsp; A\nexpectativa \u00e9 de que o novo servi\u00e7o esteja dispon\u00edvel ainda no primeiro\ntrimestre deste ano, segundo o andamento do processo .<\/p>\n","protected":false},"excerpt":{"rendered":"<p>&nbsp;&nbsp;&nbsp;&nbsp;&nbsp;&nbsp;&nbsp;&nbsp;&nbsp;&nbsp;&nbsp; Na tarde de ter\u00e7a-feira 28 foi realizada uma visita nas futuras instala\u00e7\u00f5es do Residencial&#8230;<\/p>\n","protected":false},"author":11,"featured_media":13937,"comment_status":"open","ping_status":"open","sticky":false,"template":"","format":"standard","meta":{"footnotes":""},"categories":[2],"tags":[],"_links":{"self":[{"href":"https:\/\/www.fumssar.com.br\/index.php?rest_route=\/wp\/v2\/posts\/13936"}],"collection":[{"href":"https:\/\/www.fumssar.com.br\/index.php?rest_route=\/wp\/v2\/posts"}],"about":[{"href":"https:\/\/www.fumssar.com.br\/index.php?rest_route=\/wp\/v2\/types\/post"}],"author":[{"embeddable":true,"href":"https:\/\/www.fumssar.com.br\/index.php?rest_route=\/wp\/v2\/users\/11"}],"replies":[{"embeddable":true,"href":"https:\/\/www.fumssar.com.br\/index.php?rest_route=%2Fwp%2Fv2%2Fcomments&post=13936"}],"version-history":[{"count":2,"href":"https:\/\/www.fumssar.com.br\/index.php?rest_route=\/wp\/v2\/posts\/13936\/revisions"}],"predecessor-version":[{"id":13939,"href":"https:\/\/www.fumssar.com.br\/index.php?rest_route=\/wp\/v2\/posts\/13936\/revisions\/13939"}],"wp:featuredmedia":[{"embeddable":true,"href":"https:\/\/www.fumssar.com.br\/index.php?rest_route=\/wp\/v2\/media\/13937"}],"wp:attachment":[{"href":"https:\/\/www.fumssar.com.br\/index.php?rest_route=%2Fwp%2Fv2%2Fmedia&parent=13936"}],"wp:term":[{"taxonomy":"category","embeddable":true,"href":"https:\/\/www.fumssar.com.br\/index.php?rest_route=%2Fwp%2Fv2%2Fcategories&post=13936"},{"taxonomy":"post_tag","embeddable":true,"href":"https:\/\/www.fumssar.com.br\/index.php?rest_route=%2Fwp%2Fv2%2Ftags&post=13936"}],"curies":[{"name":"wp","href":"https:\/\/api.w.org\/{rel}","templated":true}]}}