{"id":13932,"date":"2020-01-30T17:28:33","date_gmt":"2020-01-30T20:28:33","guid":{"rendered":"http:\/\/www.fumssar.com.br\/?p=13932"},"modified":"2024-10-07T16:34:55","modified_gmt":"2024-10-07T19:34:55","slug":"municipio-de-santa-rosa-monitora-o-coronavirus","status":"publish","type":"post","link":"https:\/\/www.fumssar.com.br\/?p=13932","title":{"rendered":"Munic\u00edpio de Santa Rosa monitora o Coronav\u00edrus"},"content":{"rendered":"\n<p>Mesmo que n\u00e3o haja a confirma\u00e7\u00e3o do Coronav\u00edrus no Estado, o\nmunic\u00edpio de Santa Rosa&nbsp; est\u00e1 monitorando\ne preparando a\u00e7\u00f5es preventivas. <\/p>\n\n\n\n<p>&nbsp;&nbsp;&nbsp;&nbsp;&nbsp;&nbsp;&nbsp;&nbsp;&nbsp;&nbsp;&nbsp; A Funda\u00e7\u00e3o\nMunicipal de Sa\u00fade-FUMSSAR tomou a iniciativa de montar um grupo de trabalho\nvisando monitoramento do avan\u00e7o da doen\u00e7a no mundo e no pa\u00eds. Este grupo conta\ncom a participa\u00e7\u00e3o da Gest\u00e3o de Aten\u00e7\u00e3o Prim\u00e1ria em Sa\u00fade, Vigil\u00e2ncia\nEpidemiol\u00f3gica da FUMSSAR, 14\u00aa Coordenadoria de Sa\u00fade, Hospital Vida &amp;\nSa\u00fade e da Unidade de Pronto Atendimento-UPA 24hs,grupo este que teve um\nprimeiro encontro na manh\u00e3 desta quinta-feira,30.<\/p>\n\n\n\n<p>&nbsp;&nbsp;&nbsp;&nbsp;&nbsp;&nbsp;&nbsp;&nbsp;&nbsp;&nbsp;&nbsp; O grupo vai\nmanter uma vigil\u00e2ncia efetiva quanto ao avan\u00e7o da doen\u00e7a bem como orientar\nprofissionais&nbsp; da \u00e1rea de sa\u00fade&nbsp; para que os mesmos estejam preparados se\nnecess\u00e1rio for.<\/p>\n\n\n\n<p>&nbsp;&nbsp;&nbsp;&nbsp;&nbsp;&nbsp;&nbsp;&nbsp;&nbsp;&nbsp;&nbsp; A Diretora\nda Aten\u00e7\u00e3o Prim\u00e1ria da FUMSSAR Alice Klein ressaltou que a primeira a\u00e7\u00e3o \u00e9 de\nmonitorar e orientar pessoas que tenham viajado \u00e0 China nos \u00faltimos 14 dias,\npara que as mesmas procurem o setor de vigil\u00e2ncia visando um acompanhamento e\norienta\u00e7\u00f5es. Maiores informa\u00e7\u00f5es poder\u00e3o ser obtidas pelos telefones: 3513-51\n48 e 3513 -51 56.<\/p>\n\n\n\n<p>&nbsp;&nbsp;&nbsp;&nbsp;&nbsp;&nbsp;&nbsp;&nbsp;&nbsp;&nbsp;&nbsp; Conforme o\nMinist\u00e9rio da Sa\u00fade \u201c<em>O Brasil est\u00e1 preparado para\nprestar a assist\u00eancia necess\u00e1ria \u00e0 popula\u00e7\u00e3o, em eventual necessidade de um\ncaso do novo coronav\u00edrus no pa\u00eds e atualmente, se enquadram como caso suspeito\ndo novo coronav\u00edrus, pacientes que apresentem febre e, pelo menos um sinal ou\nsintoma respirat\u00f3rio, como falta de ar, e tenham viajado para a China nos\n\u00faltimos 14 dias. Al\u00e9m disso, tamb\u00e9m podem ser considerados casos suspeitos, as\npessoas com hist\u00f3rico de contato pr\u00f3ximo com algu\u00e9m que esteja com suspeita da\ndoen\u00e7a; e tamb\u00e9m tenha tido contato pr\u00f3ximo com caso confirmado do novo\ncoronav\u00edrus\u201d. Fonte MS.<\/em><\/p>\n\n\n\n<p>&nbsp;&nbsp;&nbsp;&nbsp;&nbsp;&nbsp;&nbsp;&nbsp;&nbsp;&nbsp;&nbsp; A orienta\u00e7\u00e3o\n\u00e9 de que as pessoas fiquem atentas quanto aos cuidados e sintomas e que sempre\nprocurem informa\u00e7\u00f5es oficiais, tomando muito cuidado com not\u00edcias\nprincipalmente em redes sociais.<\/p>\n\n\n\n<p>&nbsp;&nbsp;&nbsp;&nbsp;&nbsp;&nbsp;&nbsp;&nbsp;&nbsp;&nbsp;&nbsp; A FUMSSAR\ncomunica que qualquer manifesta\u00e7\u00e3o sobre o no v\u00edrus s\u00f3 ser\u00e1 confirmada oficial\ntendo como fonte a dire\u00e7\u00e3o da institui\u00e7\u00e3o.<\/p>\n","protected":false},"excerpt":{"rendered":"<p>Mesmo que n\u00e3o haja a confirma\u00e7\u00e3o do Coronav\u00edrus no Estado, o munic\u00edpio de Santa Rosa&nbsp;&#8230;<\/p>\n","protected":false},"author":11,"featured_media":13933,"comment_status":"open","ping_status":"open","sticky":false,"template":"","format":"standard","meta":{"footnotes":""},"categories":[2],"tags":[],"_links":{"self":[{"href":"https:\/\/www.fumssar.com.br\/index.php?rest_route=\/wp\/v2\/posts\/13932"}],"collection":[{"href":"https:\/\/www.fumssar.com.br\/index.php?rest_route=\/wp\/v2\/posts"}],"about":[{"href":"https:\/\/www.fumssar.com.br\/index.php?rest_route=\/wp\/v2\/types\/post"}],"author":[{"embeddable":true,"href":"https:\/\/www.fumssar.com.br\/index.php?rest_route=\/wp\/v2\/users\/11"}],"replies":[{"embeddable":true,"href":"https:\/\/www.fumssar.com.br\/index.php?rest_route=%2Fwp%2Fv2%2Fcomments&post=13932"}],"version-history":[{"count":2,"href":"https:\/\/www.fumssar.com.br\/index.php?rest_route=\/wp\/v2\/posts\/13932\/revisions"}],"predecessor-version":[{"id":13935,"href":"https:\/\/www.fumssar.com.br\/index.php?rest_route=\/wp\/v2\/posts\/13932\/revisions\/13935"}],"wp:featuredmedia":[{"embeddable":true,"href":"https:\/\/www.fumssar.com.br\/index.php?rest_route=\/wp\/v2\/media\/13933"}],"wp:attachment":[{"href":"https:\/\/www.fumssar.com.br\/index.php?rest_route=%2Fwp%2Fv2%2Fmedia&parent=13932"}],"wp:term":[{"taxonomy":"category","embeddable":true,"href":"https:\/\/www.fumssar.com.br\/index.php?rest_route=%2Fwp%2Fv2%2Fcategories&post=13932"},{"taxonomy":"post_tag","embeddable":true,"href":"https:\/\/www.fumssar.com.br\/index.php?rest_route=%2Fwp%2Fv2%2Ftags&post=13932"}],"curies":[{"name":"wp","href":"https:\/\/api.w.org\/{rel}","templated":true}]}}