{"id":13924,"date":"2020-01-27T17:02:54","date_gmt":"2020-01-27T20:02:54","guid":{"rendered":"http:\/\/www.fumssar.com.br\/?p=13924"},"modified":"2024-10-07T16:34:55","modified_gmt":"2024-10-07T19:34:55","slug":"lancado-edital-para-selecao-publica-na-fumssar","status":"publish","type":"post","link":"https:\/\/www.fumssar.com.br\/?p=13924","title":{"rendered":"Lan\u00e7ado edital para sele\u00e7\u00e3o p\u00fablica na FUMSSAR"},"content":{"rendered":"\n<p>&nbsp;&nbsp;&nbsp;&nbsp;&nbsp;&nbsp;&nbsp;&nbsp;&nbsp;&nbsp;&nbsp;&nbsp;&nbsp;&nbsp;&nbsp; Est\u00e3o abertas as inscri\u00e7\u00f5es para\nsele\u00e7\u00e3o p\u00fablica para a contrata\u00e7\u00e3o emergencial tempor\u00e1ria de profissionais para\na Funda\u00e7\u00e3o Municipal de Sa\u00fade de Santa Rosa-FUMSSAR. Os cargos dispon\u00edveis s\u00e3o\nde: Psic\u00f3logo, Enfermeiro, Nutricionista, Fonoaudi\u00f3logo e T\u00e9cnico em\nEnfermagem. Os vencimentos b\u00e1sicos v\u00e3o de R$ 2.209,14 a R$ 4.139,66 conforme a\nfun\u00e7\u00e3o para o regime de 40 horas semanais.<\/p>\n\n\n\n<p>As inscri\u00e7\u00f5es dever\u00e3o ser realizadas\nno per\u00edodo de 27 de janeiro a 10 de fevereiro de 2020, nos seguintes hor\u00e1rios:\n8h00min \u00e0s 11h00min e das 14h00min \u00e0s 17h00min, nos dias de expediente na Rua\nDr. Francisco Tim 480.<\/p>\n\n\n\n<p>Para efetuar a inscri\u00e7\u00e3o o candidato\ndever\u00e1 comparecer na Se\u00e7\u00e3o de Pessoal da FUMSSAR e entregar curr\u00edculo vitae e\nc\u00f3pia autenticada de t\u00edtulos. Segundo o Presidente Substituto da FUMSSAR,\nRog\u00e9rio Silva Santos os contratos poder\u00e3o de firmados pelo per\u00edodo de at\u00e9 01\n(um) ano contado da assinatura do Contrato Tempor\u00e1rio a ser celebrado entre o\nselecionado e a administra\u00e7\u00e3o.<\/p>\n\n\n\n<p>Rog\u00e9rio explicou ainda que o edital\ncompleto est\u00e1 dispon\u00edvel no endere\u00e7o eletr\u00f4nico da FUMSSAR (<a href=\"http:\/\/www.fumssar.com.br\">www.fumssar.com.br<\/a>). A vig\u00eancia do processo seletivo simplificado \u00e9 tamb\u00e9m de 1 (um) ano e\nir\u00e1 suprir as vagas necess\u00e1rias temporariamente at\u00e9 conclus\u00e3o de concurso\np\u00fablico.<\/p>\n","protected":false},"excerpt":{"rendered":"<p>&nbsp;&nbsp;&nbsp;&nbsp;&nbsp;&nbsp;&nbsp;&nbsp;&nbsp;&nbsp;&nbsp;&nbsp;&nbsp;&nbsp;&nbsp; Est\u00e3o abertas as inscri\u00e7\u00f5es para sele\u00e7\u00e3o p\u00fablica para a contrata\u00e7\u00e3o emergencial tempor\u00e1ria de profissionais&#8230;<\/p>\n","protected":false},"author":11,"featured_media":13925,"comment_status":"open","ping_status":"open","sticky":false,"template":"","format":"standard","meta":{"footnotes":""},"categories":[2],"tags":[],"_links":{"self":[{"href":"https:\/\/www.fumssar.com.br\/index.php?rest_route=\/wp\/v2\/posts\/13924"}],"collection":[{"href":"https:\/\/www.fumssar.com.br\/index.php?rest_route=\/wp\/v2\/posts"}],"about":[{"href":"https:\/\/www.fumssar.com.br\/index.php?rest_route=\/wp\/v2\/types\/post"}],"author":[{"embeddable":true,"href":"https:\/\/www.fumssar.com.br\/index.php?rest_route=\/wp\/v2\/users\/11"}],"replies":[{"embeddable":true,"href":"https:\/\/www.fumssar.com.br\/index.php?rest_route=%2Fwp%2Fv2%2Fcomments&post=13924"}],"version-history":[{"count":1,"href":"https:\/\/www.fumssar.com.br\/index.php?rest_route=\/wp\/v2\/posts\/13924\/revisions"}],"predecessor-version":[{"id":13926,"href":"https:\/\/www.fumssar.com.br\/index.php?rest_route=\/wp\/v2\/posts\/13924\/revisions\/13926"}],"wp:featuredmedia":[{"embeddable":true,"href":"https:\/\/www.fumssar.com.br\/index.php?rest_route=\/wp\/v2\/media\/13925"}],"wp:attachment":[{"href":"https:\/\/www.fumssar.com.br\/index.php?rest_route=%2Fwp%2Fv2%2Fmedia&parent=13924"}],"wp:term":[{"taxonomy":"category","embeddable":true,"href":"https:\/\/www.fumssar.com.br\/index.php?rest_route=%2Fwp%2Fv2%2Fcategories&post=13924"},{"taxonomy":"post_tag","embeddable":true,"href":"https:\/\/www.fumssar.com.br\/index.php?rest_route=%2Fwp%2Fv2%2Ftags&post=13924"}],"curies":[{"name":"wp","href":"https:\/\/api.w.org\/{rel}","templated":true}]}}