{"id":13899,"date":"2020-01-17T08:17:23","date_gmt":"2020-01-17T11:17:23","guid":{"rendered":"http:\/\/www.fumssar.com.br\/?p=13899"},"modified":"2024-10-07T16:34:55","modified_gmt":"2024-10-07T19:34:55","slug":"santa-rosa-tem-a-menor-taxa-de-mortalidade-infantil-dos-ultimos-12-anos","status":"publish","type":"post","link":"https:\/\/www.fumssar.com.br\/?p=13899","title":{"rendered":"Santa Rosa tem a menor taxa de mortalidade infantil dos \u00faltimos 12 anos"},"content":{"rendered":"\n<p><em>Nos \u00faltimos anos&nbsp; a Mortalidade infantil vem sendo um indicador\nde sa\u00fade de grande preocupa\u00e7\u00e3o para as gestores&nbsp;\ne os profissionais de sa\u00fade.<\/em><\/p>\n\n\n\n<p>O indicador de sa\u00fade taxa de\nmortalidade infantil tem como busca avaliar a assist\u00eancia ao pr\u00e9-natal, a\nvincula\u00e7\u00e3o da gestante ao local de ocorr\u00eancia do parto, as boas pr\u00e1ticas\ndurante o atendimento ao parto e nascimento. Assim como, o acesso das crian\u00e7as\nmenores de 1 ano ao acompanhamento de puericultura nos servi\u00e7os de sa\u00fade e a\naten\u00e7\u00e3o hospitalar de qualidade, quando necess\u00e1rio.<\/p>\n\n\n\n<p>Ao longo dos anos a Mortalidade\ninfantil vem sendo um indicador de sa\u00fade de grande preocupa\u00e7\u00e3o para as gestores&nbsp; e os profissionais de sa\u00fade envolvidos no pr\u00e9\n&#8211; natal em raz\u00e3o da alta taxa de mortalidade que Santa Rosa vinha apresentando\ninclusive maior que a do estado. Este quadro se inverte em 2019.<\/p>\n\n\n\n<p>&nbsp;Em 2018 foram 13 \u00f3bitos infantis e 13 \u00f3bitos\nfetais, em 2019 este n\u00famero reduziu para 8 \u00f3bitos infantis o que representa uma\nredu\u00e7\u00e3o de&nbsp; 38%, e \u00f3bitos fetais de 13\npara 4 representando&nbsp; uma redu\u00e7\u00e3o de 69% .<\/p>\n\n\n\n<p>&nbsp;&nbsp;&nbsp;&nbsp;&nbsp;&nbsp;&nbsp;&nbsp;&nbsp;&nbsp;&nbsp; Em 2015 foi implantado no munic\u00edpio o\ncomit\u00ea Inter setorial de investiga\u00e7\u00e3o da mortalidade infantil envolvendo\nprofissionais de sa\u00fade, hospitais, institui\u00e7\u00f5es de ensino, Minist\u00e9rio P\u00fablico\nentre outros, onde as causas de&nbsp; todos os\n\u00f3bitos infantis e fetais s\u00e3o investigados.<\/p>\n\n\n\n<p>As gestantes de Santa Rosa que\nrealizam seu pr\u00e9-natal nas unidades b\u00e1sicas de sa\u00fade recebendo o atendimento da\nequipe multiprofissional durante toda a gesta\u00e7\u00e3o, seguindo os protocolos\nt\u00e9cnicos baseados nos protocolos do Minist\u00e9rio da Sa\u00fade, todos os exames\nnecess\u00e1rios para a gestante s\u00e3o oferecidos pelo sistema de sa\u00fade do munic\u00edpio. A\nparticipa\u00e7\u00e3o efetiva do enfermeiro e um dos&nbsp;\ndiferenciais &nbsp;existentes&nbsp; no pr\u00e9 &#8211; natal da rede, que realiza o acompanhamento&nbsp; desde o momento em &nbsp;que o exame de gravidez for positivo&nbsp; at\u00e9 a fase de puerp\u00e9rio (42 dias ap\u00f3s o\nparto). As gestantes encontram ainda portas abertas a qualquer momento a todos\nos servi\u00e7os oferecidos pela FUMSSAR &nbsp;com\ncrit\u00e9rio de prioridade, e participam de grupos de gestantes. Sempre que\nnecess\u00e1rio a equipe de profissionais realiza visitas domiciliares para as\ngestantes e tamb\u00e9m recebem acompanhamento pelos agentes comunit\u00e1rias de sa\u00fade. Os\natendimentos de rotina s\u00e3o agendados previamente em caso de n\u00e3o comparecimento,\na equipe de sa\u00fade realiza busca a esta gestante.<\/p>\n\n\n\n<p>&nbsp;&nbsp;&nbsp;&nbsp;&nbsp;&nbsp;&nbsp;&nbsp;&nbsp;&nbsp;&nbsp; A Diretora de Aten\u00e7\u00e3o Prim\u00e1ria em\nSa\u00fade Alice Klein destacou&nbsp; que v\u00e1rios\nforam os fatores e atores desta conquista e ressaltou que&nbsp; a troca de informa\u00e7\u00f5es entre os profissionais\nda aten\u00e7\u00e3o b\u00e1sica , maternidade e UPA, gera um acompanhamento multidisciplinar\ne integral em todo o processo. Alice frisou ainda que deve haver um\nenvolvimento no ambiente&nbsp; familiar no pr\u00e9-natal,\nisto faz com que a corresponsabilidade n\u00e3o s\u00f3 da gestante, mas tamb\u00e9m da\nfam\u00edlia aumenta. Para ela a abordagem dos m\u00e9todos de planejamento familiar reduz\na gravidez de alto risco impactando diretamente na mortalidade.<\/p>\n\n\n\n<p>&nbsp;&nbsp;&nbsp;&nbsp;&nbsp;&nbsp;&nbsp;&nbsp;&nbsp;&nbsp;&nbsp; O Presidente\nda FUMSSAR&nbsp; D\u00e9lcio Stefan afirmou que\nesta redu\u00e7\u00e3o deve-se ao fato de muito empenho de todos os&nbsp; profissionais que direta ou indiretamente\nenvolvem-se num processo gestat\u00f3rio desde a unidade b\u00e1sica at\u00e9 o servi\u00e7o\nhospitalar. O presidente destaca ainda que o per\u00edodo p\u00f3s- parto tamb\u00e9m tem um\ntrabalho intenso.<\/p>\n\n\n\n<p>&nbsp;&nbsp;&nbsp;&nbsp;&nbsp;&nbsp;&nbsp;&nbsp;&nbsp;&nbsp;&nbsp; Mesmo com os\n\u00edndices satisfat\u00f3rios a dire\u00e7\u00e3o da FUMSSAR vai intensificar ainda mais as\nlinhas de cuidados com os entes envolvidos e com o comit\u00ea para que mantenha\nreduzindo ainda mais a mortalidade infantil.<\/p>\n","protected":false},"excerpt":{"rendered":"<p>Nos \u00faltimos anos&nbsp; a Mortalidade infantil vem sendo um indicador de sa\u00fade de grande preocupa\u00e7\u00e3o&#8230;<\/p>\n","protected":false},"author":11,"featured_media":13900,"comment_status":"open","ping_status":"open","sticky":false,"template":"","format":"standard","meta":{"footnotes":""},"categories":[2],"tags":[],"_links":{"self":[{"href":"https:\/\/www.fumssar.com.br\/index.php?rest_route=\/wp\/v2\/posts\/13899"}],"collection":[{"href":"https:\/\/www.fumssar.com.br\/index.php?rest_route=\/wp\/v2\/posts"}],"about":[{"href":"https:\/\/www.fumssar.com.br\/index.php?rest_route=\/wp\/v2\/types\/post"}],"author":[{"embeddable":true,"href":"https:\/\/www.fumssar.com.br\/index.php?rest_route=\/wp\/v2\/users\/11"}],"replies":[{"embeddable":true,"href":"https:\/\/www.fumssar.com.br\/index.php?rest_route=%2Fwp%2Fv2%2Fcomments&post=13899"}],"version-history":[{"count":1,"href":"https:\/\/www.fumssar.com.br\/index.php?rest_route=\/wp\/v2\/posts\/13899\/revisions"}],"predecessor-version":[{"id":13901,"href":"https:\/\/www.fumssar.com.br\/index.php?rest_route=\/wp\/v2\/posts\/13899\/revisions\/13901"}],"wp:featuredmedia":[{"embeddable":true,"href":"https:\/\/www.fumssar.com.br\/index.php?rest_route=\/wp\/v2\/media\/13900"}],"wp:attachment":[{"href":"https:\/\/www.fumssar.com.br\/index.php?rest_route=%2Fwp%2Fv2%2Fmedia&parent=13899"}],"wp:term":[{"taxonomy":"category","embeddable":true,"href":"https:\/\/www.fumssar.com.br\/index.php?rest_route=%2Fwp%2Fv2%2Fcategories&post=13899"},{"taxonomy":"post_tag","embeddable":true,"href":"https:\/\/www.fumssar.com.br\/index.php?rest_route=%2Fwp%2Fv2%2Ftags&post=13899"}],"curies":[{"name":"wp","href":"https:\/\/api.w.org\/{rel}","templated":true}]}}