{"id":13882,"date":"2020-01-09T17:18:24","date_gmt":"2020-01-09T20:18:24","guid":{"rendered":"http:\/\/www.fumssar.com.br\/?p=13882"},"modified":"2024-10-07T16:34:55","modified_gmt":"2024-10-07T19:34:55","slug":"fumssarrealizara-obra-de-conclusao-do-subsolo-do-cerest","status":"publish","type":"post","link":"https:\/\/www.fumssar.com.br\/?p=13882","title":{"rendered":"FUMSSAR\trealizar\u00e1 obra de conclus\u00e3o do subsolo do CEREST"},"content":{"rendered":"\n<p>Lan\u00e7ado na semana passada o edital para a contrata\u00e7\u00e3o de\nempresa para a execu\u00e7\u00e3o&nbsp; da obra da complementa\u00e7\u00e3o do pavimento subsolo do\npr\u00e9dio-sede do CEREST \u2013 Centro de Refer\u00eancia em Sa\u00fade do Trabalhador \u2013 FUMSSAR,\nlocalizado na Rua Boa Vista, 335, em Santa Rosa. &nbsp;<\/p>\n\n\n\n<p>A obra prev\u00ea o fechamento do subsolo do pr\u00e9dio para o\naproveitamento do espa\u00e7o para a utiliza\u00e7\u00e3o para atividades diversas do CEREST.\nO presidente da FUMSSAR &nbsp;D\u00e9lcio Stefan ressaltou\nque ser\u00e3o investidos cerca de R$ 170 mil&nbsp;\nna obra, que permitir\u00e1 o desenvolvimento de trabalhos e a\u00e7\u00f5es voltadas a\nsa\u00fade do trabalhador.<\/p>\n\n\n\n<p>&nbsp;&nbsp;&nbsp;&nbsp;&nbsp;&nbsp;&nbsp;&nbsp;&nbsp;&nbsp;&nbsp; Na\nquarta-feira, 08 o Prefeito em exerc\u00edcio &nbsp;Lu\u00eds Ant\u00f4nio Benvegn\u00fa esteve acompanhado do\nPresidente D\u00e9lcio vistoriando o &nbsp;local\nque ser\u00e1 executada a obra. Benvegn\u00fa avaliou a a\u00e7\u00e3o como muito positiva uma vez\nque ir\u00e1 ampliar o espa\u00e7o possibilitando uma maior aproxima\u00e7\u00e3o dos servi\u00e7os.<\/p>\n","protected":false},"excerpt":{"rendered":"<p>Lan\u00e7ado na semana passada o edital para a contrata\u00e7\u00e3o de empresa para a execu\u00e7\u00e3o&nbsp; da&#8230;<\/p>\n","protected":false},"author":11,"featured_media":13883,"comment_status":"open","ping_status":"open","sticky":false,"template":"","format":"standard","meta":{"footnotes":""},"categories":[2],"tags":[],"_links":{"self":[{"href":"https:\/\/www.fumssar.com.br\/index.php?rest_route=\/wp\/v2\/posts\/13882"}],"collection":[{"href":"https:\/\/www.fumssar.com.br\/index.php?rest_route=\/wp\/v2\/posts"}],"about":[{"href":"https:\/\/www.fumssar.com.br\/index.php?rest_route=\/wp\/v2\/types\/post"}],"author":[{"embeddable":true,"href":"https:\/\/www.fumssar.com.br\/index.php?rest_route=\/wp\/v2\/users\/11"}],"replies":[{"embeddable":true,"href":"https:\/\/www.fumssar.com.br\/index.php?rest_route=%2Fwp%2Fv2%2Fcomments&post=13882"}],"version-history":[{"count":1,"href":"https:\/\/www.fumssar.com.br\/index.php?rest_route=\/wp\/v2\/posts\/13882\/revisions"}],"predecessor-version":[{"id":13884,"href":"https:\/\/www.fumssar.com.br\/index.php?rest_route=\/wp\/v2\/posts\/13882\/revisions\/13884"}],"wp:featuredmedia":[{"embeddable":true,"href":"https:\/\/www.fumssar.com.br\/index.php?rest_route=\/wp\/v2\/media\/13883"}],"wp:attachment":[{"href":"https:\/\/www.fumssar.com.br\/index.php?rest_route=%2Fwp%2Fv2%2Fmedia&parent=13882"}],"wp:term":[{"taxonomy":"category","embeddable":true,"href":"https:\/\/www.fumssar.com.br\/index.php?rest_route=%2Fwp%2Fv2%2Fcategories&post=13882"},{"taxonomy":"post_tag","embeddable":true,"href":"https:\/\/www.fumssar.com.br\/index.php?rest_route=%2Fwp%2Fv2%2Ftags&post=13882"}],"curies":[{"name":"wp","href":"https:\/\/api.w.org\/{rel}","templated":true}]}}