{"id":13879,"date":"2020-01-08T23:50:34","date_gmt":"2020-01-09T02:50:34","guid":{"rendered":"http:\/\/www.fumssar.com.br\/?p=13879"},"modified":"2024-10-07T16:34:55","modified_gmt":"2024-10-07T19:34:55","slug":"fumssar-alerta-mudancas-no-calendario-de-vacinacao","status":"publish","type":"post","link":"https:\/\/www.fumssar.com.br\/?p=13879","title":{"rendered":"FUMSSAR alerta: Mudan\u00e7as no calend\u00e1rio de vacina\u00e7\u00e3o"},"content":{"rendered":"\n<p>CRIAN\u00c7AS DE 4 ANOS\nDEVEM RECEBER REFOR\u00c7O DA FEBRE AMARELA<br>\n<br>\n\tEm 2017, o\nMinist\u00e9rio da Sa\u00fade seguiu as orienta\u00e7\u00f5es da Organiza\u00e7\u00e3o\nMundial da Sa\u00fade (OMS) de ofertar apenas uma dose da vacina de febre\namarela durante toda a vida. Por\u00e9m, estudos cient\u00edficos recentes\ndemonstraram uma diminui\u00e7\u00e3o na resposta imunol\u00f3gica da crian\u00e7a\nque \u00e9 vacinada aos 9 meses, como prev\u00ea o Calend\u00e1rio Nacional de\nVacina\u00e7\u00e3o da crian\u00e7a. Por isso, em 2020, ser\u00e1 realizada uma dose\nde refor\u00e7o para as crian\u00e7as aos 4 anos de idade.<br>\n\tEsta medida\nn\u00e3o tem limite de idade e o refor\u00e7o vale tamb\u00e9m para as crian\u00e7as\ne adolescentes que receberam somente uma dose da febre amarela antes\nde completar os 5 anos. Estudos mostraram que a resposta imunol\u00f3gica\n\u00e9 menor do que o esperado nesta faixa et\u00e1ria, por isso a\nnecessidade de um refor\u00e7o.<br>\n\tSanta Rosa j\u00e1 vacina contra a\nfebre amarela desde 2008, ano em que esta vacina foi implantada como\nrotina no calend\u00e1rio de vacina\u00e7\u00e3o a partir dos 9 meses.Informe-se\nna  sua unidade de sa\u00fade e n\u00e3o esque\u00e7a de levar a carteira de\nvacina\u00e7\u00e3o.<br>\n<br>\nAproveite as f\u00e9rias e coloque suas vacinas\nem dia.<\/p>\n","protected":false},"excerpt":{"rendered":"<p>CRIAN\u00c7AS DE 4 ANOS DEVEM RECEBER REFOR\u00c7O DA FEBRE AMARELA Em 2017, o Minist\u00e9rio da&#8230;<\/p>\n","protected":false},"author":11,"featured_media":9977,"comment_status":"open","ping_status":"open","sticky":false,"template":"","format":"standard","meta":{"footnotes":""},"categories":[2],"tags":[],"_links":{"self":[{"href":"https:\/\/www.fumssar.com.br\/index.php?rest_route=\/wp\/v2\/posts\/13879"}],"collection":[{"href":"https:\/\/www.fumssar.com.br\/index.php?rest_route=\/wp\/v2\/posts"}],"about":[{"href":"https:\/\/www.fumssar.com.br\/index.php?rest_route=\/wp\/v2\/types\/post"}],"author":[{"embeddable":true,"href":"https:\/\/www.fumssar.com.br\/index.php?rest_route=\/wp\/v2\/users\/11"}],"replies":[{"embeddable":true,"href":"https:\/\/www.fumssar.com.br\/index.php?rest_route=%2Fwp%2Fv2%2Fcomments&post=13879"}],"version-history":[{"count":1,"href":"https:\/\/www.fumssar.com.br\/index.php?rest_route=\/wp\/v2\/posts\/13879\/revisions"}],"predecessor-version":[{"id":13880,"href":"https:\/\/www.fumssar.com.br\/index.php?rest_route=\/wp\/v2\/posts\/13879\/revisions\/13880"}],"wp:featuredmedia":[{"embeddable":true,"href":"https:\/\/www.fumssar.com.br\/index.php?rest_route=\/wp\/v2\/media\/9977"}],"wp:attachment":[{"href":"https:\/\/www.fumssar.com.br\/index.php?rest_route=%2Fwp%2Fv2%2Fmedia&parent=13879"}],"wp:term":[{"taxonomy":"category","embeddable":true,"href":"https:\/\/www.fumssar.com.br\/index.php?rest_route=%2Fwp%2Fv2%2Fcategories&post=13879"},{"taxonomy":"post_tag","embeddable":true,"href":"https:\/\/www.fumssar.com.br\/index.php?rest_route=%2Fwp%2Fv2%2Ftags&post=13879"}],"curies":[{"name":"wp","href":"https:\/\/api.w.org\/{rel}","templated":true}]}}