{"id":13780,"date":"2019-12-20T17:17:20","date_gmt":"2019-12-20T20:17:20","guid":{"rendered":"http:\/\/www.fumssar.com.br\/?p=13780"},"modified":"2024-10-07T16:34:55","modified_gmt":"2024-10-07T19:34:55","slug":"atencao-primaria-em-saude-de-santa-rosa-tera-aumento-de-recursos-em-2020","status":"publish","type":"post","link":"https:\/\/www.fumssar.com.br\/?p=13780","title":{"rendered":"Aten\u00e7\u00e3o Prim\u00e1ria em Sa\u00fade de Santa Rosa ter\u00e1 aumento de recursos em 2020"},"content":{"rendered":"\n<p>Aten\u00e7\u00e3o Prim\u00e1ria em Sa\u00fade de Santa Rosa ter\u00e1 aumento de\nrecursos em 2020<\/p>\n\n\n\n<p>&nbsp;&nbsp;&nbsp;&nbsp;&nbsp;&nbsp;&nbsp;&nbsp;&nbsp;&nbsp;&nbsp;&nbsp;&nbsp;&nbsp;&nbsp; O Minist\u00e9rio da Sa\u00fade mudar\u00e1 a forma\nde financiamento &nbsp;da aten\u00e7\u00e3o prim\u00e1ria em\nsa\u00fade para o pr\u00f3ximo ano. A proposta de mudan\u00e7a foi aprovada no m\u00eas de outubro\npela Comiss\u00e3o Intergestores Tripartite (CIT). O modelo aplicado far\u00e1 uma\nconsidera\u00e7\u00e3o nas equipes de sa\u00fade da fam\u00edlia levando em conta o n\u00famero de\nusu\u00e1rios cadastrados, a qualidade dos servi\u00e7os ofertados pelo desempenho das\nunidades a partir de indicadores como qualidade do pr\u00e9-natal, controle de\ndiabetes, hipertens\u00e3o e infec\u00e7\u00f5es sexualmente transmiss\u00edveis. <\/p>\n\n\n\n<p>&nbsp;&nbsp;&nbsp;&nbsp;&nbsp;&nbsp;&nbsp;&nbsp;&nbsp;&nbsp;&nbsp; Segundo o\nPresidente da FUMSSAR D\u00e9lcio Stefan com esta nova avalia\u00e7\u00e3o Santa Rosa ter\u00e1 um\nincremento aproximado no valor de R$ 1.340,000,00 a mais &nbsp;em repasses para a aten\u00e7\u00e3o prim\u00e1ria, em fun\u00e7\u00e3o\nda estrutura f\u00edsica das 17 UBSs, de atendimentos ofertados e pelos\nprofissionais que desempenham suas fun\u00e7\u00f5es.<\/p>\n\n\n\n<p>&nbsp;&nbsp;&nbsp;&nbsp;&nbsp;&nbsp;&nbsp;&nbsp;&nbsp;&nbsp;&nbsp; D\u00e9lcio\ndestacou ainda que Santa Rosa sempre \u00e9 modelo na \u00e1rea de sa\u00fade apresentando\nreconhecimentos pela dedica\u00e7\u00e3o de gestores e servidores bem como da\nparticipa\u00e7\u00e3o popular tendo um Conselho de Sa\u00fade muito atuante e representativo.\nStefan frisou ainda que existe um envolvimento m\u00fatuo de muitas m\u00e3os para a\nconstru\u00e7\u00e3o do sistema de sa\u00fade que sempre busca avan\u00e7os e melhorias para os\nusu\u00e1rios.<\/p>\n\n\n\n<p>&nbsp;A nova proposta teve\napoio de diversas entidades representativas do Pa\u00eds com envolvendo mais de 3\nmil secret\u00e1rios municipais de sa\u00fade e tamb\u00e9m representantes estaduais.<\/p>\n","protected":false},"excerpt":{"rendered":"<p>Aten\u00e7\u00e3o Prim\u00e1ria em Sa\u00fade de Santa Rosa ter\u00e1 aumento de recursos em 2020 &nbsp;&nbsp;&nbsp;&nbsp;&nbsp;&nbsp;&nbsp;&nbsp;&nbsp;&nbsp;&nbsp;&nbsp;&nbsp;&nbsp;&nbsp; O&#8230;<\/p>\n","protected":false},"author":11,"featured_media":13781,"comment_status":"open","ping_status":"open","sticky":false,"template":"","format":"standard","meta":{"footnotes":""},"categories":[2],"tags":[],"_links":{"self":[{"href":"https:\/\/www.fumssar.com.br\/index.php?rest_route=\/wp\/v2\/posts\/13780"}],"collection":[{"href":"https:\/\/www.fumssar.com.br\/index.php?rest_route=\/wp\/v2\/posts"}],"about":[{"href":"https:\/\/www.fumssar.com.br\/index.php?rest_route=\/wp\/v2\/types\/post"}],"author":[{"embeddable":true,"href":"https:\/\/www.fumssar.com.br\/index.php?rest_route=\/wp\/v2\/users\/11"}],"replies":[{"embeddable":true,"href":"https:\/\/www.fumssar.com.br\/index.php?rest_route=%2Fwp%2Fv2%2Fcomments&post=13780"}],"version-history":[{"count":1,"href":"https:\/\/www.fumssar.com.br\/index.php?rest_route=\/wp\/v2\/posts\/13780\/revisions"}],"predecessor-version":[{"id":13782,"href":"https:\/\/www.fumssar.com.br\/index.php?rest_route=\/wp\/v2\/posts\/13780\/revisions\/13782"}],"wp:featuredmedia":[{"embeddable":true,"href":"https:\/\/www.fumssar.com.br\/index.php?rest_route=\/wp\/v2\/media\/13781"}],"wp:attachment":[{"href":"https:\/\/www.fumssar.com.br\/index.php?rest_route=%2Fwp%2Fv2%2Fmedia&parent=13780"}],"wp:term":[{"taxonomy":"category","embeddable":true,"href":"https:\/\/www.fumssar.com.br\/index.php?rest_route=%2Fwp%2Fv2%2Fcategories&post=13780"},{"taxonomy":"post_tag","embeddable":true,"href":"https:\/\/www.fumssar.com.br\/index.php?rest_route=%2Fwp%2Fv2%2Ftags&post=13780"}],"curies":[{"name":"wp","href":"https:\/\/api.w.org\/{rel}","templated":true}]}}