{"id":13771,"date":"2019-12-20T08:10:52","date_gmt":"2019-12-20T11:10:52","guid":{"rendered":"http:\/\/www.fumssar.com.br\/?p=13771"},"modified":"2024-10-07T16:34:55","modified_gmt":"2024-10-07T19:34:55","slug":"unidade-basica-de-saude-da-vila-agricola-conta-com-gabinete-odontologico","status":"publish","type":"post","link":"https:\/\/www.fumssar.com.br\/?p=13771","title":{"rendered":"Unidade B\u00e1sica de Sa\u00fade da Vila Agr\u00edcola conta com gabinete odontol\u00f3gico"},"content":{"rendered":"\n<p>Rio Grande do Sul<br> Santa Rosa <br> Sa\u00fade- Por <a href=\"https:\/\/www.facebook.com\/silviobrasilcomunicador?__tn__=%2CdK-R-R&amp;eid=ARDiOn-p-EBB_PLJfiIYYJfM3weP-1Lk5V_VeXAj3Mq5T22dvg945F7UUqdA2L-96GpuuU6hIx8VyKxr&amp;fref=mentions\">Silvio Brasil<\/a><br> Unidade B\u00e1sica de Sa\u00fade da Vila Agr\u00edcola conta com gabinete odontol\u00f3gico<br> A inaugura\u00e7\u00e3o realizada na manh\u00e3 desta quinta-feira, contou com a presen\u00e7a de v\u00e1rias autoridades <\/p>\n\n\n\n<p>\n Nesta quinta-feira, 19 de dezembro \u00e1s 10h30min, a Funda\u00e7\u00e3o Municipal de\n Sa\u00fade de Santa Rosa (Fumssar) efetuou a entrega de  mais um servi\u00e7o de \nsa\u00fade . A comunidade da Vila Agr\u00edcola passou  a contar com um gabinete \nodontol\u00f3gico na Unidade B\u00e1sica de Sa\u00fade (UBS) para atendimento dos \nusu\u00e1rios daquela comunidade e adjac\u00eancias. A odont\u00f3loga \u00e9 a  Dra. \nFabiane G. Cunegatto com auxiliar de atendimento de  20 horas  semanais.\n At\u00e9 o momento os usu\u00e1rios da Vila Agr\u00edcola recebiam atendimento \nodontol\u00f3gico  na Unidade B\u00e1sica de sa\u00fade (UBS) do Bairro Planalto esta \na\u00e7\u00e3o ira encurtar caminhos e ofertar mais servi\u00e7os para os usu\u00e1rios.<br> A solenidade contou com as presen\u00e7as do Prefeito <a href=\"https:\/\/www.facebook.com\/profile.php?id=100009391560435&amp;__tn__=%2CdK-R-R&amp;eid=ARCFwYVGdKgF-2vC2P4-LBfQvoQJEByVZOQV2rY_4k03W0d725gCYgtR71-jRFOdtu0k501AQ4_PayJ1&amp;fref=mentions\">Alcides Vicini<\/a>, do Presidente da Funda\u00e7\u00e3o Municipal de Sa\u00fade, D\u00e9lcio Steffan e de v\u00e1rias personalidades da politica e outras entidades.  <\/p>\n\n\n\n<p> A Informa\u00e7\u00e3o \u00e9 de <a href=\"https:\/\/www.facebook.com\/josecarlos.santosdasilva.75?__tn__=%2CdK-R-R&amp;eid=ARAgtbnwEQ6PtOgdE2MV9SCBAvvdz2KV44p5jltzWGYPEJcUqvHFeGA47cG-x-LgAFcrjSu3rJMQLP2M&amp;fref=mentions\">Jos\u00e9 Carlos Santos da Silva<\/a>, assessor de Comunica\u00e7\u00e3o de Funda\u00e7\u00e3o Municipal de Sa\u00fade <\/p>\n\n\n\n<p> <a href=\"https:\/\/www.facebook.com\/hashtag\/silviobrasilverdades?source=feed_text&amp;epa=HASHTAG\">#SilvioBrasilVerdades<\/a><br> E-mail- silviobrasilcomunicador@yahoo.com.br<br> Twitter- @SilvioBrasil5<br> Whatsapp para Reportagens: 9-8111-8747<\/p>\n","protected":false},"excerpt":{"rendered":"<p>Rio Grande do Sul Santa Rosa Sa\u00fade- Por Silvio Brasil Unidade B\u00e1sica de Sa\u00fade da&#8230;<\/p>\n","protected":false},"author":11,"featured_media":13772,"comment_status":"open","ping_status":"open","sticky":false,"template":"","format":"standard","meta":{"footnotes":""},"categories":[2],"tags":[],"_links":{"self":[{"href":"https:\/\/www.fumssar.com.br\/index.php?rest_route=\/wp\/v2\/posts\/13771"}],"collection":[{"href":"https:\/\/www.fumssar.com.br\/index.php?rest_route=\/wp\/v2\/posts"}],"about":[{"href":"https:\/\/www.fumssar.com.br\/index.php?rest_route=\/wp\/v2\/types\/post"}],"author":[{"embeddable":true,"href":"https:\/\/www.fumssar.com.br\/index.php?rest_route=\/wp\/v2\/users\/11"}],"replies":[{"embeddable":true,"href":"https:\/\/www.fumssar.com.br\/index.php?rest_route=%2Fwp%2Fv2%2Fcomments&post=13771"}],"version-history":[{"count":2,"href":"https:\/\/www.fumssar.com.br\/index.php?rest_route=\/wp\/v2\/posts\/13771\/revisions"}],"predecessor-version":[{"id":13774,"href":"https:\/\/www.fumssar.com.br\/index.php?rest_route=\/wp\/v2\/posts\/13771\/revisions\/13774"}],"wp:featuredmedia":[{"embeddable":true,"href":"https:\/\/www.fumssar.com.br\/index.php?rest_route=\/wp\/v2\/media\/13772"}],"wp:attachment":[{"href":"https:\/\/www.fumssar.com.br\/index.php?rest_route=%2Fwp%2Fv2%2Fmedia&parent=13771"}],"wp:term":[{"taxonomy":"category","embeddable":true,"href":"https:\/\/www.fumssar.com.br\/index.php?rest_route=%2Fwp%2Fv2%2Fcategories&post=13771"},{"taxonomy":"post_tag","embeddable":true,"href":"https:\/\/www.fumssar.com.br\/index.php?rest_route=%2Fwp%2Fv2%2Ftags&post=13771"}],"curies":[{"name":"wp","href":"https:\/\/api.w.org\/{rel}","templated":true}]}}