{"id":13723,"date":"2019-12-11T09:31:07","date_gmt":"2019-12-11T12:31:07","guid":{"rendered":"http:\/\/www.fumssar.com.br\/?p=13723"},"modified":"2024-10-07T16:34:55","modified_gmt":"2024-10-07T19:34:55","slug":"atencao-basica-de-saude-do-municipio-foi-avaliada-com-avancos-positivos-em-2019","status":"publish","type":"post","link":"https:\/\/www.fumssar.com.br\/?p=13723","title":{"rendered":"Aten\u00e7\u00e3o B\u00e1sica de Sa\u00fade do Munic\u00edpio foi avaliada com avan\u00e7os positivos em 2019"},"content":{"rendered":"\n<p>A Rede de Aten\u00e7\u00e3o Prim\u00e1ria em Sa\u00fade do Munic\u00edpio de Santa\nRosa, passou &nbsp;por uma avalia\u00e7\u00e3o quanto\naos servi\u00e7os ofertados durante o ano de 2019. Na segunda-feira, 09,\ncoordenadores das UBSs estiveram reunidos com a dire\u00e7\u00e3o da FUMSSAR em um\nencontro avaliativo. <\/p>\n\n\n\n<p>&nbsp;&nbsp;&nbsp;&nbsp;&nbsp;&nbsp;&nbsp;&nbsp;&nbsp;&nbsp;&nbsp; O encontro apontou resultados\npositivos com avan\u00e7os qualiquantitativos &nbsp;com aumento em todos os servi\u00e7os alcan\u00e7ando\n11% a mais em rela\u00e7\u00e3o ao ano de 2018, otimizando os recursos.<\/p>\n\n\n\n<p>&nbsp;&nbsp;&nbsp;&nbsp;&nbsp;&nbsp;&nbsp;&nbsp;&nbsp;&nbsp;&nbsp; A equipe\nsalientou que os avan\u00e7os foram muito importantes iniciando pela implementa\u00e7\u00e3o e\nsistematiza\u00e7\u00e3o de sete linhas de cuidados \u2013 sa\u00fade do idoso, crian\u00e7a e do\nadolescente, pessoa com defici\u00eancia-Hipertens\u00e3o\ne Diabetes, Sa\u00fade Mental, Sa\u00fade da Mulher e Sa\u00fade do Homem.&nbsp; Estas linhas de cuidado t\u00eam o objetivo de\ntecnicamente qualificar e organizar os fluxos de atendimento, priorizando o\ncuidado de acordo com o levantamento dos dados, este \u00e9 um projeto continuo e foi&nbsp; conclu\u00eddo a primeira&nbsp; fase segundo a Diretora Alice Klein.<\/p>\n\n\n\n<p>&nbsp;&nbsp;&nbsp;&nbsp;&nbsp;&nbsp;&nbsp;&nbsp;&nbsp;&nbsp;&nbsp; Alice\nsalientou ainda que al\u00e9m da rotina di\u00e1ria nas unidades destacam-se a\natualiza\u00e7\u00e3o das \u00e1reas cobertas por agentes comunit\u00e1rios de sa\u00fade elevando em\n20% a cobertura, bem como a atualiza\u00e7\u00e3o dos cadastros da popula\u00e7\u00e3o no sistema\nde informatiza\u00e7\u00e3o. Os resultados tamb\u00e9m s\u00e3o frutos de outras a\u00e7\u00f5es como a\nintensifica\u00e7\u00e3o de campanha de vacina\u00e7\u00f5es&nbsp;\ncom metas alcan\u00e7adas.<\/p>\n\n\n\n<p>&nbsp;&nbsp;&nbsp;&nbsp;&nbsp;&nbsp;&nbsp;&nbsp;&nbsp;&nbsp;&nbsp; Cerca de 40\ngrupos de a\u00e7\u00f5es preventivas de educa\u00e7\u00e3o em sa\u00fade para a popula\u00e7\u00e3o foram\ndesenvolvidas pelas equipes de sa\u00fade com mais de 200 encontros realizados durante\no ano, e tamb\u00e9m&nbsp; a expans\u00e3o do Programa\nSa\u00fade na Escola em parceria com educand\u00e1rios, levando orienta\u00e7\u00f5es quanto a\npreven\u00e7\u00e3o em crian\u00e7as e adolescentes durante o per\u00edodo escolar. A qualifica\u00e7\u00e3o\nde profissionais tem sido permanente sempre atualizando e capacitando ainda\nmais as equipes de servidores.<\/p>\n\n\n\n<p>O Presidente da\u00a0 FUMSSAR, D\u00e9lcio Stefan frisou que durante a constru\u00e7\u00e3o do Sistema de Sa\u00fade do munic\u00edpio o foco principal sempre foi a intensifica\u00e7\u00e3o nas a\u00e7\u00f5es preventivas e que os resultados sempre s\u00e3o positivos, em busca sempre da qualidade de vida da popula\u00e7\u00e3o.<\/p>\n","protected":false},"excerpt":{"rendered":"<p>A Rede de Aten\u00e7\u00e3o Prim\u00e1ria em Sa\u00fade do Munic\u00edpio de Santa Rosa, passou &nbsp;por uma&#8230;<\/p>\n","protected":false},"author":11,"featured_media":13724,"comment_status":"open","ping_status":"open","sticky":false,"template":"","format":"standard","meta":{"footnotes":""},"categories":[2],"tags":[],"_links":{"self":[{"href":"https:\/\/www.fumssar.com.br\/index.php?rest_route=\/wp\/v2\/posts\/13723"}],"collection":[{"href":"https:\/\/www.fumssar.com.br\/index.php?rest_route=\/wp\/v2\/posts"}],"about":[{"href":"https:\/\/www.fumssar.com.br\/index.php?rest_route=\/wp\/v2\/types\/post"}],"author":[{"embeddable":true,"href":"https:\/\/www.fumssar.com.br\/index.php?rest_route=\/wp\/v2\/users\/11"}],"replies":[{"embeddable":true,"href":"https:\/\/www.fumssar.com.br\/index.php?rest_route=%2Fwp%2Fv2%2Fcomments&post=13723"}],"version-history":[{"count":1,"href":"https:\/\/www.fumssar.com.br\/index.php?rest_route=\/wp\/v2\/posts\/13723\/revisions"}],"predecessor-version":[{"id":13725,"href":"https:\/\/www.fumssar.com.br\/index.php?rest_route=\/wp\/v2\/posts\/13723\/revisions\/13725"}],"wp:featuredmedia":[{"embeddable":true,"href":"https:\/\/www.fumssar.com.br\/index.php?rest_route=\/wp\/v2\/media\/13724"}],"wp:attachment":[{"href":"https:\/\/www.fumssar.com.br\/index.php?rest_route=%2Fwp%2Fv2%2Fmedia&parent=13723"}],"wp:term":[{"taxonomy":"category","embeddable":true,"href":"https:\/\/www.fumssar.com.br\/index.php?rest_route=%2Fwp%2Fv2%2Fcategories&post=13723"},{"taxonomy":"post_tag","embeddable":true,"href":"https:\/\/www.fumssar.com.br\/index.php?rest_route=%2Fwp%2Fv2%2Ftags&post=13723"}],"curies":[{"name":"wp","href":"https:\/\/api.w.org\/{rel}","templated":true}]}}