{"id":13718,"date":"2019-12-10T16:17:43","date_gmt":"2019-12-10T19:17:43","guid":{"rendered":"http:\/\/www.fumssar.com.br\/?p=13718"},"modified":"2024-10-07T16:34:55","modified_gmt":"2024-10-07T19:34:55","slug":"usuarios-do-caps-ii-viajaram-a-gramado","status":"publish","type":"post","link":"https:\/\/www.fumssar.com.br\/?p=13718","title":{"rendered":"Usu\u00e1rios do CAPS II viajaram a Gramado"},"content":{"rendered":"\n<p>Usu\u00e1rios do &nbsp;Centro de Aten\u00e7\u00e3o Psicossocial \u2013 CAPS II &nbsp;Novo Rumo da FUMSSAR, partiram de Santa Rosa\nna noite de segunda-feira,09&nbsp; rumo &nbsp;a cidade de Gramado na Serra Ga\u00facha. A Viagem\ntem como objetivo promover a integra\u00e7\u00e3o e inclus\u00e3o dos usu\u00e1rios com\nacompanhamento de integrantes da equipe t\u00e9cnica do Centro.<\/p>\n\n\n\n<p>O CAPS funciona como refer\u00eancia para a\nrede de Aten\u00e7\u00e3o B\u00e1sica &nbsp;e sa\u00fade mental do munic\u00edpio, promovendo a\nintegralidade do tratamento aos usu\u00e1rios portadores de sofrimento mental,\natrav\u00e9s de um atendimento qualificado buscando a inser\u00e7\u00e3o da fam\u00edlia, reduzindo\ninterna\u00e7\u00f5es hospitalares e viabilizando a reabilita\u00e7\u00e3o social do indiv\u00edduo.<\/p>\n\n\n\n<p>A viagem foi viabilizada pela gest\u00e3o da\nFUMSSAR, dentre outras atividades que s\u00e3o realizadas &nbsp;com foco em incrementar as a\u00e7\u00f5es em prol dos\nusu\u00e1rios. D\u00e9lcio Stefan presidente da FUMSSAR, acompanhou a sa\u00edda do grupo e\ndestacou o empenho da equipe na condu\u00e7\u00e3o dos trabalhos di\u00e1rios, sempre buscando\na melhoria na qualidade de vida dos usu\u00e1rios. O retorno para Santa Rosa &nbsp;est\u00e1 previsto para a madruga de quarta-feira,11.<\/p>\n","protected":false},"excerpt":{"rendered":"<p>Usu\u00e1rios do &nbsp;Centro de Aten\u00e7\u00e3o Psicossocial \u2013 CAPS II &nbsp;Novo Rumo da FUMSSAR, partiram de&#8230;<\/p>\n","protected":false},"author":11,"featured_media":13719,"comment_status":"open","ping_status":"open","sticky":false,"template":"","format":"standard","meta":{"footnotes":""},"categories":[2],"tags":[],"_links":{"self":[{"href":"https:\/\/www.fumssar.com.br\/index.php?rest_route=\/wp\/v2\/posts\/13718"}],"collection":[{"href":"https:\/\/www.fumssar.com.br\/index.php?rest_route=\/wp\/v2\/posts"}],"about":[{"href":"https:\/\/www.fumssar.com.br\/index.php?rest_route=\/wp\/v2\/types\/post"}],"author":[{"embeddable":true,"href":"https:\/\/www.fumssar.com.br\/index.php?rest_route=\/wp\/v2\/users\/11"}],"replies":[{"embeddable":true,"href":"https:\/\/www.fumssar.com.br\/index.php?rest_route=%2Fwp%2Fv2%2Fcomments&post=13718"}],"version-history":[{"count":1,"href":"https:\/\/www.fumssar.com.br\/index.php?rest_route=\/wp\/v2\/posts\/13718\/revisions"}],"predecessor-version":[{"id":13720,"href":"https:\/\/www.fumssar.com.br\/index.php?rest_route=\/wp\/v2\/posts\/13718\/revisions\/13720"}],"wp:featuredmedia":[{"embeddable":true,"href":"https:\/\/www.fumssar.com.br\/index.php?rest_route=\/wp\/v2\/media\/13719"}],"wp:attachment":[{"href":"https:\/\/www.fumssar.com.br\/index.php?rest_route=%2Fwp%2Fv2%2Fmedia&parent=13718"}],"wp:term":[{"taxonomy":"category","embeddable":true,"href":"https:\/\/www.fumssar.com.br\/index.php?rest_route=%2Fwp%2Fv2%2Fcategories&post=13718"},{"taxonomy":"post_tag","embeddable":true,"href":"https:\/\/www.fumssar.com.br\/index.php?rest_route=%2Fwp%2Fv2%2Ftags&post=13718"}],"curies":[{"name":"wp","href":"https:\/\/api.w.org\/{rel}","templated":true}]}}