{"id":13642,"date":"2019-11-14T09:04:09","date_gmt":"2019-11-14T12:04:09","guid":{"rendered":"http:\/\/www.fumssar.com.br\/?p=13642"},"modified":"2024-10-07T16:34:55","modified_gmt":"2024-10-07T19:34:55","slug":"segunda-etapa-da-vacinacao-contra-o-sarampo-comeca-na-proxima-segunda-18","status":"publish","type":"post","link":"https:\/\/www.fumssar.com.br\/?p=13642","title":{"rendered":"Segunda etapa da vacina\u00e7\u00e3o contra o Sarampo come\u00e7a na pr\u00f3xima segunda (18)"},"content":{"rendered":"\n<p>A vacina\u00e7\u00e3o \u00e9 a \u00fanica forma de\nprevenir o sarampo, doen\u00e7a viral grave com alt\u00edssimo potencial de transmiss\u00e3o.\nDiante do elevado n\u00famero de casos da doen\u00e7a em todo o pa\u00eds, come\u00e7a na pr\u00f3xima\nsegunda-feira (18) a 2\u00aa fase da Campanha Nacional de Vacina\u00e7\u00e3o contra o\nSarampo, para pessoas com idade entre 20 e 29 anos.<\/p>\n\n\n\n<p>&nbsp;&nbsp;&nbsp;&nbsp;&nbsp;&nbsp;&nbsp;&nbsp; Para\ngarantir uma maior efetividade na campanha, at\u00e9 o dia 30 de novembro, a FUMSSAR\nadotar\u00e1 uma s\u00e9rie de a\u00e7\u00f5es em toda a cidade, junto a empresas e institui\u00e7\u00f5es de\nensino, a fim de facilitar o acesso \u00e0 imuniza\u00e7\u00e3o.<\/p>\n\n\n\n<p>&nbsp;&nbsp;&nbsp;&nbsp;&nbsp;&nbsp;&nbsp;&nbsp; \u00c9\nimportante ressaltar que esta campanha de vacina\u00e7\u00e3o \u00e9 seletiva, ou seja, s\u00f3 precisa\nse imunizar quem est\u00e1 com esquema vacinal contra o sarampo incompleto ou n\u00e3o\npossui comprova\u00e7\u00e3o da vacina. Atualmente, o adulto de 20 at\u00e9 29 anos deve ter registrado\nno seu cart\u00e3o de vacinas duas doses da vacina contra o sarampo.&nbsp; O foco da campanha \u00e9 a faixa et\u00e1ria de 20 a\n29 anos, uma vez que este \u00e9 o p\u00fablico de maior incid\u00eancia dos casos de sarampo\nregistrado no pa\u00eds.<\/p>\n\n\n\n<p>&nbsp;&nbsp;&nbsp;&nbsp;&nbsp;&nbsp;&nbsp;&nbsp; <strong>Mobiliza\u00e7\u00e3o\nem empresas e faculdades<\/strong><\/p>\n\n\n\n<p>&nbsp;&nbsp;&nbsp;&nbsp;&nbsp;&nbsp;&nbsp;&nbsp; Al\u00e9m\ndas 18 salas de vacinas dispon\u00edveis no munic\u00edpio, para esta fase da campanha,\noptou-se por levar a vacina a locais estrat\u00e9gicos e que t\u00eam maior concentra\u00e7\u00e3o\nde pessoas com essa faixa et\u00e1ria, como empresas e institui\u00e7\u00f5es de ensino\nt\u00e9cnico e superior.<\/p>\n\n\n\n<p>&nbsp;&nbsp;&nbsp;&nbsp;&nbsp;&nbsp;&nbsp;&nbsp; <strong>Dia\nD<\/strong><\/p>\n\n\n\n<p><strong>&nbsp;&nbsp;&nbsp;&nbsp;&nbsp;&nbsp;&nbsp;&nbsp; <\/strong><strong>A mobiliza\u00e7\u00e3o nacional acontecer\u00e1 no\ndia 30, s\u00e1bado, que \u00e9 o \u00faltimo dia da campanha. Posteriormente a FUMSSAR ir\u00e1\ncomunicar o hor\u00e1rio de vacina\u00e7\u00e3o dos postos de sa\u00fade neste dia.<\/strong><\/p>\n\n\n\n<p><strong>&nbsp;&nbsp;&nbsp;&nbsp;&nbsp;&nbsp;&nbsp;&nbsp; \u00c9\nimportante que as pessoas que n\u00e3o est\u00e3o vacinadas contra o sarampo ou que n\u00e3o\nsabem, procurem o seu posto de sa\u00fade de 18 a 30 de&nbsp; novembro, levando o seu cart\u00e3o de vacinas\npara ser avaliado. A vacina\u00e7\u00e3o em dia \u00e9 a forma mais eficaz de prevenir o\nsarampo, suas complica\u00e7\u00f5es e os surtos da doen\u00e7a na comunidade.<\/strong><\/p>\n","protected":false},"excerpt":{"rendered":"<p>A vacina\u00e7\u00e3o \u00e9 a \u00fanica forma de prevenir o sarampo, doen\u00e7a viral grave com alt\u00edssimo&#8230;<\/p>\n","protected":false},"author":11,"featured_media":13643,"comment_status":"open","ping_status":"open","sticky":false,"template":"","format":"standard","meta":{"footnotes":""},"categories":[2],"tags":[],"_links":{"self":[{"href":"https:\/\/www.fumssar.com.br\/index.php?rest_route=\/wp\/v2\/posts\/13642"}],"collection":[{"href":"https:\/\/www.fumssar.com.br\/index.php?rest_route=\/wp\/v2\/posts"}],"about":[{"href":"https:\/\/www.fumssar.com.br\/index.php?rest_route=\/wp\/v2\/types\/post"}],"author":[{"embeddable":true,"href":"https:\/\/www.fumssar.com.br\/index.php?rest_route=\/wp\/v2\/users\/11"}],"replies":[{"embeddable":true,"href":"https:\/\/www.fumssar.com.br\/index.php?rest_route=%2Fwp%2Fv2%2Fcomments&post=13642"}],"version-history":[{"count":1,"href":"https:\/\/www.fumssar.com.br\/index.php?rest_route=\/wp\/v2\/posts\/13642\/revisions"}],"predecessor-version":[{"id":13644,"href":"https:\/\/www.fumssar.com.br\/index.php?rest_route=\/wp\/v2\/posts\/13642\/revisions\/13644"}],"wp:featuredmedia":[{"embeddable":true,"href":"https:\/\/www.fumssar.com.br\/index.php?rest_route=\/wp\/v2\/media\/13643"}],"wp:attachment":[{"href":"https:\/\/www.fumssar.com.br\/index.php?rest_route=%2Fwp%2Fv2%2Fmedia&parent=13642"}],"wp:term":[{"taxonomy":"category","embeddable":true,"href":"https:\/\/www.fumssar.com.br\/index.php?rest_route=%2Fwp%2Fv2%2Fcategories&post=13642"},{"taxonomy":"post_tag","embeddable":true,"href":"https:\/\/www.fumssar.com.br\/index.php?rest_route=%2Fwp%2Fv2%2Ftags&post=13642"}],"curies":[{"name":"wp","href":"https:\/\/api.w.org\/{rel}","templated":true}]}}