{"id":13618,"date":"2019-11-06T08:08:27","date_gmt":"2019-11-06T11:08:27","guid":{"rendered":"http:\/\/www.fumssar.com.br\/?p=13618"},"modified":"2024-10-07T16:34:56","modified_gmt":"2024-10-07T19:34:56","slug":"unidades-e-setores-da-fumssar-realizaram-diversas-acoes-para-marcar-o-outubro-rosa-e-preparam-o-novembro-azul","status":"publish","type":"post","link":"https:\/\/www.fumssar.com.br\/?p=13618","title":{"rendered":"Unidades e setores da FUMSSAR realizaram diversas a\u00e7\u00f5es para marcar o \u201cOutubro Rosa\u201d e preparam o \u201cNovembro Azul\u201d"},"content":{"rendered":"\n<p>O munic\u00edpio de Santa Rosa mant\u00e9m em sua rede de atendimento\nservi\u00e7os de preven\u00e7\u00e3o na aten\u00e7\u00e3o prim\u00e1ria e de tratamento na rede complementar\nna \u00e1rea de oncologia. Nas unidades b\u00e1sicas al\u00e9m de exames e tratamento,\npacientes participam de atividades como grupos e rodas de conversas sobre o\nassunto. <\/p>\n\n\n\n<p>&nbsp;&nbsp;&nbsp;&nbsp;&nbsp;&nbsp;&nbsp;&nbsp;&nbsp;&nbsp;&nbsp; A M\u00e9dica da\nFUMSSAR, Dr\u00aa.&nbsp; Edil\u00e9ia Fischer e tamb\u00e9m\npresidente do Grupo Mama Viva destacou que o outubro \u00e9 um lembrete de que o ano\nest\u00e1 terminando, e as mulheres devem ser questionadas de como est\u00e1 o seu estado\nde sa\u00fade, ficarem atentas ao seu corpo e se est\u00e3o prevenindo-se. Para Edil\u00e9ia\nas doen\u00e7as s\u00e3o prevenidas com h\u00e1bitos de vida saud\u00e1veis atrav\u00e9s de alimenta\u00e7\u00e3o\ncorreta evitando o consumo de produtos mal\u00e9ficos \u00e0 sa\u00fade. Ela destaca ainda que\nal\u00e9m do c\u00e2ncer diversas outras doen\u00e7as podem ser evitadas com exerc\u00edcios, e\ntamb\u00e9m controlando &nbsp;o consumo excessivo\nde \u00e1lcool e o tabagismo, que \u00e9 o grande respons\u00e1vel por causas de canceres e a\ndiminui\u00e7\u00e3o de funcionamento de diversos \u00f3rg\u00e3os. No dia 25 passado foi realizada\na Caminhada Anual do Outubro Rosa, realizada h\u00e1&nbsp;\n18 anos que \u00e9 organizada pela ONG&nbsp;\nGrupo Mama Viva em parceria com a FUMSSAR, Prefeitura Municipal, C\u00e2mara\nde Vereadores l e demais entidades e \u00f3rg\u00e3os. A diretora de Aten\u00e7\u00e3o Prim\u00e1ria em\nSa\u00fade Alice Klein, avaliou como positivas as a\u00e7\u00f5es das UBSs, pois utilizaram\nmuita criatividade para realizar a\u00e7\u00f5es de alerta \u00e0s mulheres. Alice destacou\nque j\u00e1 est\u00e3o em andamentos e preparativos as a\u00e7\u00f5es para o \u201c Novembro Azul\u201d, que\n\u00e9 a vez dos homens serem alertados quanto a preven\u00e7\u00e3o.<\/p>\n","protected":false},"excerpt":{"rendered":"<p>O munic\u00edpio de Santa Rosa mant\u00e9m em sua rede de atendimento servi\u00e7os de preven\u00e7\u00e3o na&#8230;<\/p>\n","protected":false},"author":11,"featured_media":13619,"comment_status":"open","ping_status":"open","sticky":false,"template":"","format":"standard","meta":{"footnotes":""},"categories":[2,1],"tags":[],"_links":{"self":[{"href":"https:\/\/www.fumssar.com.br\/index.php?rest_route=\/wp\/v2\/posts\/13618"}],"collection":[{"href":"https:\/\/www.fumssar.com.br\/index.php?rest_route=\/wp\/v2\/posts"}],"about":[{"href":"https:\/\/www.fumssar.com.br\/index.php?rest_route=\/wp\/v2\/types\/post"}],"author":[{"embeddable":true,"href":"https:\/\/www.fumssar.com.br\/index.php?rest_route=\/wp\/v2\/users\/11"}],"replies":[{"embeddable":true,"href":"https:\/\/www.fumssar.com.br\/index.php?rest_route=%2Fwp%2Fv2%2Fcomments&post=13618"}],"version-history":[{"count":1,"href":"https:\/\/www.fumssar.com.br\/index.php?rest_route=\/wp\/v2\/posts\/13618\/revisions"}],"predecessor-version":[{"id":13620,"href":"https:\/\/www.fumssar.com.br\/index.php?rest_route=\/wp\/v2\/posts\/13618\/revisions\/13620"}],"wp:featuredmedia":[{"embeddable":true,"href":"https:\/\/www.fumssar.com.br\/index.php?rest_route=\/wp\/v2\/media\/13619"}],"wp:attachment":[{"href":"https:\/\/www.fumssar.com.br\/index.php?rest_route=%2Fwp%2Fv2%2Fmedia&parent=13618"}],"wp:term":[{"taxonomy":"category","embeddable":true,"href":"https:\/\/www.fumssar.com.br\/index.php?rest_route=%2Fwp%2Fv2%2Fcategories&post=13618"},{"taxonomy":"post_tag","embeddable":true,"href":"https:\/\/www.fumssar.com.br\/index.php?rest_route=%2Fwp%2Fv2%2Ftags&post=13618"}],"curies":[{"name":"wp","href":"https:\/\/api.w.org\/{rel}","templated":true}]}}