{"id":13613,"date":"2019-10-30T09:59:56","date_gmt":"2019-10-30T12:59:56","guid":{"rendered":"http:\/\/www.fumssar.com.br\/?p=13613"},"modified":"2024-10-07T16:34:56","modified_gmt":"2024-10-07T19:34:56","slug":"ubs-sete-de-setembro-foi-revitalizada","status":"publish","type":"post","link":"https:\/\/www.fumssar.com.br\/?p=13613","title":{"rendered":"UBS Sete de Setembro foi revitalizada"},"content":{"rendered":"\n<p>UBS Sete de Setembro\nfoi revitalizada<\/p>\n\n\n\n<p>O Governo\nMunicipal atrav\u00e9s da Funda\u00e7\u00e3o Municipal de Sa\u00fade de Santa Rosa- FUMSSAR\nrealizou na manh\u00e3 de ter\u00e7a-feira, 29 a entrega oficial da obra de revitaliza\u00e7\u00e3o\nda Unidade B\u00e1sica de Sa\u00fade da Fam\u00edlia do Distrito de Sete de Setembro.<br>\nA unidade recebeu servi\u00e7os de reforma e melhorias na sala de atendimento e\nrecep\u00e7\u00e3o.<br>\nO Presidente da FUMSSAR D\u00e9lcio Stefan frisou a obra faz parte de um processo de\nmelhorias que conforme a disponibilidade de\nrecursos, est\u00e3o sendo feitas na rede publica do munic\u00edpio.<br>\nO Prefeito Alcides Vicini destacou a import\u00e2ncia de\nse ofertar melhores condi\u00e7\u00f5es de atendimento \u00e0 popula\u00e7\u00e3o, meta de seu governo\ntanto na parte f\u00edsica quanto na de pessoal, mas que com os recursos escassos o\ngestor tem que ter muito cuidado na aplica\u00e7\u00e3o correta realizando aquilo que\nest\u00e1 no alcance dos cofres p\u00fablicos, neste sentido o Prefeito parabenizou a\nequipe da FUMSSAR, pela gest\u00e3o cautelosa na \u00e1rea da sa\u00fade . Vicini ressaltou\nainda que a UBS da Sete foi inaugurada no ano de 1980 e desde ent\u00e3o tem\nprestado servi\u00e7os de qualidade na \u00e1rea da sa\u00fade para a popula\u00e7\u00e3o daquela regi\u00e3o\ndo munic\u00edpio. \u201c \u00c9 importante esta restaura\u00e7\u00e3o para que a unidade continue\nprestando servi\u00e7os de \u00f3tima qualidade aos nossos cidad\u00e3os que aqui procuram\natendimento\u201d finalizou o Prefeito. O ato contou com a presen\u00e7a de autoridades e\nlideran\u00e7as da comunidade.<\/p>\n","protected":false},"excerpt":{"rendered":"<p>UBS Sete de Setembro foi revitalizada O Governo Municipal atrav\u00e9s da Funda\u00e7\u00e3o Municipal de Sa\u00fade&#8230;<\/p>\n","protected":false},"author":11,"featured_media":13614,"comment_status":"open","ping_status":"open","sticky":false,"template":"","format":"standard","meta":{"footnotes":""},"categories":[2],"tags":[],"_links":{"self":[{"href":"https:\/\/www.fumssar.com.br\/index.php?rest_route=\/wp\/v2\/posts\/13613"}],"collection":[{"href":"https:\/\/www.fumssar.com.br\/index.php?rest_route=\/wp\/v2\/posts"}],"about":[{"href":"https:\/\/www.fumssar.com.br\/index.php?rest_route=\/wp\/v2\/types\/post"}],"author":[{"embeddable":true,"href":"https:\/\/www.fumssar.com.br\/index.php?rest_route=\/wp\/v2\/users\/11"}],"replies":[{"embeddable":true,"href":"https:\/\/www.fumssar.com.br\/index.php?rest_route=%2Fwp%2Fv2%2Fcomments&post=13613"}],"version-history":[{"count":1,"href":"https:\/\/www.fumssar.com.br\/index.php?rest_route=\/wp\/v2\/posts\/13613\/revisions"}],"predecessor-version":[{"id":13615,"href":"https:\/\/www.fumssar.com.br\/index.php?rest_route=\/wp\/v2\/posts\/13613\/revisions\/13615"}],"wp:featuredmedia":[{"embeddable":true,"href":"https:\/\/www.fumssar.com.br\/index.php?rest_route=\/wp\/v2\/media\/13614"}],"wp:attachment":[{"href":"https:\/\/www.fumssar.com.br\/index.php?rest_route=%2Fwp%2Fv2%2Fmedia&parent=13613"}],"wp:term":[{"taxonomy":"category","embeddable":true,"href":"https:\/\/www.fumssar.com.br\/index.php?rest_route=%2Fwp%2Fv2%2Fcategories&post=13613"},{"taxonomy":"post_tag","embeddable":true,"href":"https:\/\/www.fumssar.com.br\/index.php?rest_route=%2Fwp%2Fv2%2Ftags&post=13613"}],"curies":[{"name":"wp","href":"https:\/\/api.w.org\/{rel}","templated":true}]}}