{"id":13610,"date":"2019-10-30T09:46:43","date_gmt":"2019-10-30T12:46:43","guid":{"rendered":"http:\/\/www.fumssar.com.br\/?p=13610"},"modified":"2024-10-07T16:34:56","modified_gmt":"2024-10-07T19:34:56","slug":"fumssar-prestou-homenagem-aos-servidores","status":"publish","type":"post","link":"https:\/\/www.fumssar.com.br\/?p=13610","title":{"rendered":"FUMSSAR prestou homenagem aos servidores"},"content":{"rendered":"\n<p>No dia 28 de Outubro comemora-se o Dia\ndo Servidor P\u00fablico, e a FUMSSAR prestou homenagem ao seu quadro de\ncolaboradores. A institui\u00e7\u00e3o buscou parceria com o m\u00fasico Rafael Lottermam,\nvocalista da Banda Presen\u00e7a que visitou setores e unidades de sa\u00fade do\nmunic\u00edpio de Santa Rosa, cantando em homenagem aos servidores.<br>\n<br>\nRafael iniciou as\nhomenagens pelos motoristas, CEREST, Farm\u00e1cia Municipal, HEMOCENTRO e\nLaborat\u00f3rio segundo depois para as diversas UBSs conforme sua disponibilidade.\nA homenagem diferenciada pegou os servidores de surpresa, e foi esta a ideia da\ngest\u00e3o conforme relatou o Diretor da Gest\u00e3o Administrativa Rog\u00e9rio Silva\nSantos, que organizou o evento em conjunto com o setor de recursos humanos.<br>\n<br>\nD\u00e9lcio Stefan,\npresidente da FUMSSAR no in\u00edcio da manh\u00e3 acompanhou as primeiras visitas\ndestacando que os servidores vivem em seu dia a dia a tarefa \u00e1rdua que \u00e9 de\ncuidar as pessoas, mas que tem no m\u00eas de outubro uma data deles, e a gest\u00e3o em\nreconhecimento ao trabalho realizado por eles foi elaborado uma forma diferente\nde homenage\u00e1-los.<br>\n<br>\nNa parte da tarde\nfuncion\u00e1rios da \u00e1rea administrativa, vigil\u00e2ncia e demais setores que fazem\nparte do Centro Administrativo receberam palestras com a consultora de coaching\nMarcia Frank, que abordou temas de relev\u00e2ncia para o desempenho di\u00e1rio das\nfun\u00e7\u00f5es diversas na \u00e1rea da sa\u00fade. No final do expediente houveram\nconfraterniza\u00e7\u00f5es entre os servidores em setores diversos.<\/p>\n","protected":false},"excerpt":{"rendered":"<p>No dia 28 de Outubro comemora-se o Dia do Servidor P\u00fablico, e a FUMSSAR prestou&#8230;<\/p>\n","protected":false},"author":11,"featured_media":13611,"comment_status":"open","ping_status":"open","sticky":false,"template":"","format":"standard","meta":{"footnotes":""},"categories":[2],"tags":[],"_links":{"self":[{"href":"https:\/\/www.fumssar.com.br\/index.php?rest_route=\/wp\/v2\/posts\/13610"}],"collection":[{"href":"https:\/\/www.fumssar.com.br\/index.php?rest_route=\/wp\/v2\/posts"}],"about":[{"href":"https:\/\/www.fumssar.com.br\/index.php?rest_route=\/wp\/v2\/types\/post"}],"author":[{"embeddable":true,"href":"https:\/\/www.fumssar.com.br\/index.php?rest_route=\/wp\/v2\/users\/11"}],"replies":[{"embeddable":true,"href":"https:\/\/www.fumssar.com.br\/index.php?rest_route=%2Fwp%2Fv2%2Fcomments&post=13610"}],"version-history":[{"count":1,"href":"https:\/\/www.fumssar.com.br\/index.php?rest_route=\/wp\/v2\/posts\/13610\/revisions"}],"predecessor-version":[{"id":13612,"href":"https:\/\/www.fumssar.com.br\/index.php?rest_route=\/wp\/v2\/posts\/13610\/revisions\/13612"}],"wp:featuredmedia":[{"embeddable":true,"href":"https:\/\/www.fumssar.com.br\/index.php?rest_route=\/wp\/v2\/media\/13611"}],"wp:attachment":[{"href":"https:\/\/www.fumssar.com.br\/index.php?rest_route=%2Fwp%2Fv2%2Fmedia&parent=13610"}],"wp:term":[{"taxonomy":"category","embeddable":true,"href":"https:\/\/www.fumssar.com.br\/index.php?rest_route=%2Fwp%2Fv2%2Fcategories&post=13610"},{"taxonomy":"post_tag","embeddable":true,"href":"https:\/\/www.fumssar.com.br\/index.php?rest_route=%2Fwp%2Fv2%2Ftags&post=13610"}],"curies":[{"name":"wp","href":"https:\/\/api.w.org\/{rel}","templated":true}]}}