{"id":13590,"date":"2019-10-23T10:05:56","date_gmt":"2019-10-23T13:05:56","guid":{"rendered":"http:\/\/www.fumssar.com.br\/?p=13590"},"modified":"2024-10-07T16:34:56","modified_gmt":"2024-10-07T19:34:56","slug":"fumssar-avalia-vacinacao-contra-o-sarampo-em-santa-rosa","status":"publish","type":"post","link":"https:\/\/www.fumssar.com.br\/?p=13590","title":{"rendered":"FUMSSAR avalia vacina\u00e7\u00e3o contra o Sarampo em Santa Rosa"},"content":{"rendered":"\n<p>O munic\u00edpio de Santa Rosa fez uma avalia\u00e7\u00e3o quanto a\nvacina\u00e7\u00e3o contra o sarampo desde o in\u00edcio da Campanha Nacional que foi\ndesencadeada no dia (7) em todo o Pa\u00eds.&nbsp;\nSegundo o Sistema de Informa\u00e7\u00f5es sobre Nascidos Vivos (SINASC), Santa\nRosa possui cerca de 4.593 crian\u00e7as de 6 meses a 4 anos completos, destes em\ntorno de 518 crian\u00e7as est\u00e3o entre 6 meses e 1 ano de idade, faltando vacinar a\nprimeira dose&nbsp; 70 crian\u00e7as o que equivale\na 13.5% do p\u00fablico alvo. Do total geral de crian\u00e7as de 6 meses a 4 anos&nbsp; faltam buscar comprova\u00e7\u00e3o vacinal cerca de\n700 crian\u00e7as 15% total do p\u00fablico.<\/p>\n\n\n\n<p>&nbsp;&nbsp;&nbsp;&nbsp;&nbsp;&nbsp;&nbsp;&nbsp;&nbsp;&nbsp;&nbsp; S\u00e1bado dia\n19 foi denominado de \u201cDia D\u201d, e as UBSs da FUMSSAR permaneceram abertas ao\np\u00fablico para que os pais levassem seus filhos para vacinarem e ou atualizarem a\ncarteira de vacina\u00e7\u00e3o. Tamb\u00e9m equipes da VISA percorreram diversos pontos da\ncidade com mascotes divulgando e alertando os pais e ou respons\u00e1veis.<\/p>\n\n\n\n<p>Vale lembrar que estes dados foram extra\u00eddos do sistema\npr\u00f3prio&nbsp; atrav\u00e9s da busca pelo cadastro de\ncrian\u00e7as residentes no munic\u00edpio. A crian\u00e7a para ser considerada vacinada,\nprecisa apresentar comprova\u00e7\u00e3o do registro da vacina. A Campanha seletiva\ncontra o sarampo encerra na pr\u00f3xima sexta, dia 25\/10, e a FUMSSAR comunica aos\npais e\/ou respons\u00e1veis que procurem o seu posto de Sa\u00fade para colocar a vacina\ncontra o sarampo em dia.<\/p>\n","protected":false},"excerpt":{"rendered":"<p>O munic\u00edpio de Santa Rosa fez uma avalia\u00e7\u00e3o quanto a vacina\u00e7\u00e3o contra o sarampo desde&#8230;<\/p>\n","protected":false},"author":11,"featured_media":13591,"comment_status":"open","ping_status":"open","sticky":false,"template":"","format":"standard","meta":{"footnotes":""},"categories":[2],"tags":[],"_links":{"self":[{"href":"https:\/\/www.fumssar.com.br\/index.php?rest_route=\/wp\/v2\/posts\/13590"}],"collection":[{"href":"https:\/\/www.fumssar.com.br\/index.php?rest_route=\/wp\/v2\/posts"}],"about":[{"href":"https:\/\/www.fumssar.com.br\/index.php?rest_route=\/wp\/v2\/types\/post"}],"author":[{"embeddable":true,"href":"https:\/\/www.fumssar.com.br\/index.php?rest_route=\/wp\/v2\/users\/11"}],"replies":[{"embeddable":true,"href":"https:\/\/www.fumssar.com.br\/index.php?rest_route=%2Fwp%2Fv2%2Fcomments&post=13590"}],"version-history":[{"count":1,"href":"https:\/\/www.fumssar.com.br\/index.php?rest_route=\/wp\/v2\/posts\/13590\/revisions"}],"predecessor-version":[{"id":13592,"href":"https:\/\/www.fumssar.com.br\/index.php?rest_route=\/wp\/v2\/posts\/13590\/revisions\/13592"}],"wp:featuredmedia":[{"embeddable":true,"href":"https:\/\/www.fumssar.com.br\/index.php?rest_route=\/wp\/v2\/media\/13591"}],"wp:attachment":[{"href":"https:\/\/www.fumssar.com.br\/index.php?rest_route=%2Fwp%2Fv2%2Fmedia&parent=13590"}],"wp:term":[{"taxonomy":"category","embeddable":true,"href":"https:\/\/www.fumssar.com.br\/index.php?rest_route=%2Fwp%2Fv2%2Fcategories&post=13590"},{"taxonomy":"post_tag","embeddable":true,"href":"https:\/\/www.fumssar.com.br\/index.php?rest_route=%2Fwp%2Fv2%2Ftags&post=13590"}],"curies":[{"name":"wp","href":"https:\/\/api.w.org\/{rel}","templated":true}]}}